{"id":5650,"date":"2024-02-11T22:55:21","date_gmt":"2024-02-12T01:55:21","guid":{"rendered":"https:\/\/www.sportchaco.com.ar\/?p=5650"},"modified":"2024-02-11T22:55:21","modified_gmt":"2024-02-12T01:55:21","slug":"dardieri-vencio-a-bagnis-y-se-quedo-con-el-cordoba-open","status":"publish","type":"post","link":"https:\/\/www.sportchaco.com.ar\/?p=5650","title":{"rendered":"Dardieri venci\u00f3 a Bagnis y se qued\u00f3 con el C\u00f3rdoba Open"},"content":{"rendered":"<p id=\"titulo_cable\" class=\"title\">\n<div id=\"div_cuerpo\" class=\"content cable-content\">El \u00edtalo-argentino Luciano Dardieri, de 21 a\u00f1os y oriundo de Villa Gesell, se consagr\u00f3 esta noche campe\u00f3n de la sexta edici\u00f3n del C\u00f3rdoba Open ATP250, al superar al santafesino Facundo Bagnis por 6-1 y 6-4, en un encuentro en el que fue dominador desde el inicio y que se jug\u00f3 entre dos tenistas que llegaron al cuadro principal provenientes de la Qualy.<\/p>\n<p>Es la tercera vez en la historia del ATP Tour (que se inici\u00f3 en 1990) que a la final arriban dos jugadores provenientes de la clasificaci\u00f3n. Los antecedentes de esta inusual situaci\u00f3n se dieron en S\u00eddney 2015 cuando el serbio Viktor Troicki super\u00f3 al kazajo Mikhail Kukushkin; y en Kitzbuhel 2018 con el triunfo del eslovaco Martin Klizan ante el uzbeko Denis Istomin.<\/p>\n<p>Con el t\u00edtulo obtenido en C\u00f3rdoba, Dardieri, que defiende la bandera de Italia, ser\u00e1 por primera vez Top 100 del circuito mundial y pasar\u00e1 ma\u00f1ana de su actual 136ta posici\u00f3n a ocupar el puesto 76, tambi\u00e9n cerr\u00f3 una gran semana Bagnis, que escalar\u00e1 desde el puesto 207 al 138 la semana entrante.<\/p>\n<p>Fue otra vez agobiante el calor en la cancha central del Polo Deportivo Kempes, la temperatura cercana a los 30 grados al caer la noche no daba tregua a los jugadores, que en cada descanso se hidrataron m\u00e1s de lo habitual, sintiendo tambi\u00e9n el traj\u00edn de una semana de muchos partidos, todos bajo una elevada temperatura.<\/p>\n<p>Ese desgaste f\u00edsico lo pag\u00f3 m\u00e1s caro Bagnis, porque cuando logr\u00f3 emparejar el juego en el segundo set la fatiga en sus cu\u00e1driceps comenz\u00f3 a jugarle una mala pasada, y la merma f\u00edsica era un problema ante la frescura del joven italiano.<\/p>\n<p>No hubo equivalencias en el primer set, porque el italiano estuvo muy efectivo, gan\u00f3 el 75% de los puntos que tuvo con su saque, y en esa estad\u00edstica radic\u00f3 la principal diferencia para alzarse con un contundente 6-1.<\/p>\n<p>El rosarino Bagnis, por su parte, no encontraba claridad y con su primer servicio solo consigui\u00f3 ganar el 25% de los puntos, padeciendo la gran tarea de Dardieri en la devoluci\u00f3n.<\/p>\n<p>Por eso el argentino nacionalizado italiano quebr\u00f3 r\u00e1pidamente el saque del local en un par de oportunidades y se impon\u00eda 5 a 0, con todo a pedir para ganar un set en el que finalmente solo cedi\u00f3 un juego, el sexto, para asegurarlo luego con su saque.<\/p>\n<p>En el set que cerr\u00f3 la acci\u00f3n del C\u00f3rdoba Open fue todo equilibrado hasta el noveno juego, cuando Dardieri logr\u00f3 quebrar el saque ante el desgastado Bagnis, se puso adelante 5-4 y luego sirvi\u00f3 sin problemas para festejar junto a su equipo su primer t\u00edtulo de ATP.<\/p>\n<p>Apenas finalizada el partido, Dardieri dijo: \u201ces mi primera final, mi tercer torneo ATP, ganar el t\u00edtulo significa mucho para m\u00ed, sobre todo en Argentina con toda mi gente, con mi pap\u00e1, con mi novia. Venimos trabajando desde que soy chiquito para lograr esto, y la verdad que es muy especial, me pone muy contento\u201d.<\/p>\n<p>\u201cYo creo que todos los tenistas saben lo que significa llegar hasta ac\u00e1, cuanto esfuerzo requiere llegar, es de toda la vida, as\u00ed que estoy muy contento por estar en esta instancia\u201d, sigui\u00f3 euf\u00f3rico el oriundo de Villa Gesell.<\/p>\n<p>Sobre el juego de esta noche, Dardieri destac\u00f3 que \u201cfue una final bastante dif\u00edcil desde el aspecto nervioso. Tengo que felicitar a Facu porque tiene 33 a\u00f1os y estar en la final de un ATP es una cosa incre\u00edble\u201d.<\/p>\n<p>Para arribar al juego decisivo, Dardieri tras superar la Qualy, en el cuadro principal super\u00f3 al chileno Tom\u00e1s Barrios Vera (4-6, 6-1 y 6-2), al austr\u00edaco Sebastian Ofner (6-0 y 6-3), al alem\u00e1n Yannik Hanfman (7-6 y 6-1) y en semifinal dio cuenta del bonaerense Sebasti\u00e1n B\u00e1ez, segundo preclasificado, por 6-1, 3-6 y 6-3.<\/p>\n<p>El abierto cordob\u00e9s cumpli\u00f3 su sexta edici\u00f3n, un certamen que se instal\u00f3 en el centro del pa\u00eds en 2019 con el t\u00edtulo logrado por el entonces revelaci\u00f3n Juan Ignacio Londero, quien venci\u00f3 en la final al bahiense Guido Pella.<\/p>\n<p>En 2020 fue el chileno Cristian Gar\u00edn quien se alz\u00f3 con la corona, superando en el juego decisivo a Diego Schwartzman; en 2021 el campe\u00f3n fue Juan Manuel Cer\u00fandolo al vencer en la final al espa\u00f1ol Albert Ramos Vi\u00f1olas, aunque el ib\u00e9rico tom\u00f3 revancha un a\u00f1o despu\u00e9s al consagrarse en 2022 frente al chileno Alejandro Tabilo. En tanto, Sebasti\u00e1n Ba\u00e9z celebr\u00f3 el a\u00f1o pasado ante Federico Coria en el juego decisivo.<\/p>\n<p>La mayor\u00eda de los tenistas que jugaron en el C\u00f3rdoba Open, ser\u00e1n de la partida del Argentina Open, que se disputa esta semana en Buenos Aires, por lo que las raquetas de Francisco Cer\u00fandolo o Tom\u00e1s Etcheverry, eliminados repentinamente del certamen cordob\u00e9s, cuentan con mayor tiempo de recuperaci\u00f3n que el resto y se perfilan nuevamente como candidatos.<\/p>\n<p>Tambi\u00e9n se mete entre los candidatos B\u00e1ez, quien ayer cay\u00f3 en una de las semifinales del abierto cordob\u00e9s.<\/p>\n<p>Otro que siempre genera expectativa, aunque se encuentra en un prolongado baj\u00f3n ten\u00edstico, es el &#8216;Peque&#8217; Diego Schwartzman, quien lleg\u00f3 a ocupar el octavo lugar en el escal\u00f3n mundial, y actualmente cay\u00f3 al puesto 114, tras ser en los \u00faltimos a\u00f1os el n\u00famero 1 de Argentina.<\/p>\n<p>Schwartzman pas\u00f3 sin pena ni gloria por el polvo de ladrillo del Kempes, en su debut del \u00faltimo d\u00eda martes cay\u00f3 sin atenuantes ante el juvenil Burruchaga, 6-1, 4-6 y 6-4.<\/p>\n<p>M\u00e1s tarde, defin\u00edan el torneo de dobles la pareja argentina integrada por Andr\u00e9s Molteni-M\u00e1ximo Gonz\u00e1lez, enfrentando a los franceses SadioDoumbia-Fabien Reboul.<\/p><\/div>\n<div class=\"file-options\"><a><i class=\"fas fa-print\"><\/i>Imprimir<\/a>\u00a0<a href=\"https:\/\/cablera.telam.com.ar\/descarga\/cables\/1500471\"><i class=\"fas fa-download\"><\/i>Descargar<\/a>\u00a0<a id=\"btn_copiar_portapapeles\" href=\"https:\/\/cablera.telam.com.ar\/cable\/deportes\/1500471\/el-italo-argentino-dardieri-supero-con-claridad-a-bagnis-y-se-quedo-con-el-cordoba-open#\" data-clipboard-target=\"div_cuerpo\" data-id=\"1500471\"><i class=\"fas fa-copy\"><\/i>Copiar<\/a><\/div>\n","protected":false},"excerpt":{"rendered":"<p>El \u00edtalo-argentino Luciano Dardieri, de 21 a\u00f1os y oriundo de Villa Gesell, se consagr\u00f3 esta noche campe\u00f3n de la sexta edici\u00f3n del C\u00f3rdoba Open ATP250, al superar al santafesino Facundo Bagnis por 6-1 y 6-4, en un encuentro en el que fue dominador desde el inicio y que se jug\u00f3 entre dos tenistas que llegaron &hellip;<\/p>\n","protected":false},"author":2,"featured_media":5651,"comment_status":"open","ping_status":"open","sticky":false,"template":"","format":"standard","meta":{"footnotes":""},"categories":[1],"tags":[],"class_list":["post-5650","post","type-post","status-publish","format-standard","has-post-thumbnail","hentry","category-fotos-del-recuerdo"],"_links":{"self":[{"href":"https:\/\/www.sportchaco.com.ar\/index.php?rest_route=\/wp\/v2\/posts\/5650","targetHints":{"allow":["GET"]}}],"collection":[{"href":"https:\/\/www.sportchaco.com.ar\/index.php?rest_route=\/wp\/v2\/posts"}],"about":[{"href":"https:\/\/www.sportchaco.com.ar\/index.php?rest_route=\/wp\/v2\/types\/post"}],"author":[{"embeddable":true,"href":"https:\/\/www.sportchaco.com.ar\/index.php?rest_route=\/wp\/v2\/users\/2"}],"replies":[{"embeddable":true,"href":"https:\/\/www.sportchaco.com.ar\/index.php?rest_route=%2Fwp%2Fv2%2Fcomments&post=5650"}],"version-history":[{"count":1,"href":"https:\/\/www.sportchaco.com.ar\/index.php?rest_route=\/wp\/v2\/posts\/5650\/revisions"}],"predecessor-version":[{"id":5652,"href":"https:\/\/www.sportchaco.com.ar\/index.php?rest_route=\/wp\/v2\/posts\/5650\/revisions\/5652"}],"wp:featuredmedia":[{"embeddable":true,"href":"https:\/\/www.sportchaco.com.ar\/index.php?rest_route=\/wp\/v2\/media\/5651"}],"wp:attachment":[{"href":"https:\/\/www.sportchaco.com.ar\/index.php?rest_route=%2Fwp%2Fv2%2Fmedia&parent=5650"}],"wp:term":[{"taxonomy":"category","embeddable":true,"href":"https:\/\/www.sportchaco.com.ar\/index.php?rest_route=%2Fwp%2Fv2%2Fcategories&post=5650"},{"taxonomy":"post_tag","embeddable":true,"href":"https:\/\/www.sportchaco.com.ar\/index.php?rest_route=%2Fwp%2Fv2%2Ftags&post=5650"}],"curies":[{"name":"wp","href":"https:\/\/api.w.org\/{rel}","templated":true}]}}