{"id":5675,"date":"2024-02-12T12:49:38","date_gmt":"2024-02-12T15:49:38","guid":{"rendered":"https:\/\/www.sportchaco.com.ar\/?p=5675"},"modified":"2024-02-12T19:38:23","modified_gmt":"2024-02-12T22:38:23","slug":"fallecio-el-exjugador-de-hindu-y-cosecha-marcus-adams","status":"publish","type":"post","link":"https:\/\/www.sportchaco.com.ar\/?p=5675","title":{"rendered":"Falleci\u00f3 el exjugador de Hind\u00fa y Cosecha, Marcus Adams"},"content":{"rendered":"<ol>\n<li>Marcus\u00a0Adams falleci\u00f3 en Estados Unidos a la edad de 69 a\u00f1os. El recordado jugador, brill\u00f3 en su paso por Hind\u00fa y Cosecha en el Chaco, La Uni\u00f3n de Goya, Sportsmen Unidos\u00a0y\u00a0Cicl\u00f3n de Rosario. Adem\u00e1s, es el padre de los actuales jugadores Marcus\u00a0Adams Jr\u00a0y M\u00e1ximo\u00a0Adams.<\/li>\n<\/ol>\n<p>&nbsp;<\/p>\n<p>FOTO Marcus Adams, y esposa y dos de sus hijos<\/p>\n<p>Adem\u00e1s, jug\u00f3 durante muchos a\u00f1os en Argentina siendo referente en\u00a0<strong>Cosecha<\/strong> de Chaco. Alejado del deporte, se radic\u00f3 en California con su mujer, Delfina que es oriunda de Rosario. All\u00ed, ambos criaron a una familia con ADN argento y amor por la naranja.<\/p>\n<p>La informaci\u00f3n nos fue brindada por la familia Washington, quien estuvo en todo momento en contacto con la familia Adams. Si bien el desenlace era inminente, muchos se adelantaron. Lo cierto es que Marcus, falleci\u00f3 hoy a las 4,55 horas de Los Angeles.<\/p>\n<p>El ex jugador de Cosecha e Hind\u00fa, tuvo un ACV mientras acompa\u00f1aba a su hijo menor en un partido de b\u00e1squetbol, sinti\u00f3 un fuerte dolor de cabeza y cuello, para luego desplomarse.<\/p>\n<p>Tuvo r\u00e1pida asistencia, siendo trasladado a un Hospital, pero los m\u00e9dicos indicaron que gran parte de su cerebro hab\u00eda muerto, y que una operaci\u00f3n no sumaba nada. Esta conectado a los aparatos, hasta que su familia cumpli\u00f3 con lo que Marcus hab\u00eda pedido, que no quer\u00eda quedar postrado, en caso de que supere una operaci\u00f3n.<\/p>\n<p>Pese a ser desconectado, Marcus sigui\u00f3 respirando doce horas sin respirado, hasta su fallecimiento a las 4.55 horas de este 12 de febrero.<\/p>\n<p><img loading=\"lazy\" decoding=\"async\" class=\"alignnone wp-image-5676\" src=\"https:\/\/www.sportchaco.com.ar\/wp-content\/uploads\/2024\/02\/Cosecha-300x195.jpg\" alt=\"\" width=\"408\" height=\"265\" srcset=\"https:\/\/www.sportchaco.com.ar\/wp-content\/uploads\/2024\/02\/Cosecha-300x195.jpg 300w, https:\/\/www.sportchaco.com.ar\/wp-content\/uploads\/2024\/02\/Cosecha-768x500.jpg 768w, https:\/\/www.sportchaco.com.ar\/wp-content\/uploads\/2024\/02\/Cosecha.jpg 1019w\" sizes=\"auto, (max-width: 408px) 100vw, 408px\" \/><\/p>\n<p>&nbsp;<\/p>\n<p>Cosecha Basquetbol en la vieja Liga B, luego TNA y finalmente Liga Argentina<\/p>\n<p>&nbsp;<\/p>\n<p><strong>EL DOLOR DE STEVE<\/strong><\/p>\n<p>El dolor de SteveSteve Washington estaba consternado con la noticia, y el golpe fue may\u00fasculo porque el fallecimiento de Adams se produce el mismo d\u00eda que el querido Steve cumple 70 a\u00f1os.<\/p>\n<div class=\"entry-content no-share\">\n<div class=\"content-inner \">\n<p>&nbsp;<\/p>\n<div class=\"right medium m_image\">\n<figure><picture><source srcset=\"https:\/\/www.diarionorte.com\/content\/bucket\/4\/352504w380h502c.jpg.webp\" type=\"image\/webp\" media=\"(min-width: 640px)\" \/><source srcset=\"https:\/\/www.diarionorte.com\/content\/bucket\/4\/352504w440h581c.jpg.webp\" type=\"image\/webp\" media=\"(min-width: 300px)\" \/><source srcset=\"https:\/\/www.diarionorte.com\/content\/bucket\/4\/352504w380h502c.jpg\" media=\"(min-width: 300px)\" \/><img loading=\"lazy\" decoding=\"async\" class=\"pic\" src=\"https:\/\/www.diarionorte.com\/content\/bucket\/4\/352504w380h502c.jpg.webp\" alt=\"\" width=\"380\" height=\"502\" \/><\/picture><figcaption>Un joven Marcus Adams en sus primeros tiempos en el Chaco.<\/figcaption><\/figure>\n<\/div>\n<p>&nbsp;<\/p>\n<p>&nbsp;<\/p>\n<p>&nbsp;<\/p>\n<p style=\"text-align: left;\">\n<div class=\"left medium m_image\">\n<figure><picture><source srcset=\"https:\/\/www.diarionorte.com\/content\/bucket\/6\/352506w380h527c.jpg.webp\" type=\"image\/webp\" media=\"(min-width: 640px)\" \/><source srcset=\"https:\/\/www.diarionorte.com\/content\/bucket\/6\/352506w440h610c.jpg.webp\" type=\"image\/webp\" media=\"(min-width: 300px)\" \/><source srcset=\"https:\/\/www.diarionorte.com\/content\/bucket\/6\/352506w380h527c.jpg\" media=\"(min-width: 300px)\" \/><img loading=\"lazy\" decoding=\"async\" class=\"pic\" src=\"https:\/\/www.diarionorte.com\/content\/bucket\/6\/352506w380h527c.jpg.webp\" alt=\"\" width=\"380\" height=\"527\" \/><\/picture><\/figure>\n<\/div>\n<h3>La despedida de su hijo mayor<\/h3>\n<p>Su hijo mayor, quien lleva su mismo nombre, escribi\u00f3 unas palabras en sus redes sociales:<em>\u00a0\u00abMarcus Royce Adams Sr, mi padre gracias por vivir una vida maravillosa y sacrificar todo por m\u00ed y Max. Voy a vivir por ti pap\u00e1 siempre te amar\u00e9 y pensar\u00e9 en ti para siempre. Todos te amaron y est\u00e1n orando por ti en un lugar mejor. Querido pap\u00e1 muchas gracias por todo y ense\u00f1arme todo, te juro que lo voy a hacer para ti. Te quiero mucho pap\u00e1\u00bb<\/em>.<\/p>\n<p><iframe id=\"instagram-embed-1\" class=\"instagram-media instagram-media-rendered\" src=\"https:\/\/www.instagram.com\/p\/C3OLvp0ytq9\/embed\/captioned\/?cr=1&amp;v=14&amp;wp=500&amp;rd=https%3A%2F%2Flineadetres.com&amp;rp=%2Ffallecio-marcus-adams%2F#%7B%22ci%22%3A1%2C%22os%22%3A2720.300000011921%7D\" height=\"1301\" frameborder=\"0\" scrolling=\"no\" allowfullscreen=\"allowfullscreen\" data-instgrm-payload-id=\"instagram-media-payload-1\" data-mce-fragment=\"1\"><\/iframe><\/p>\n<div class=\"jeg_post_tags\"><\/div>\n<\/div>\n<\/div>\n<div class=\"jeg_share_bottom_container\"><\/div>\n<div class=\"jeg_ad jeg_article jnews_content_bottom_ads \"><\/div>\n<div class=\"jnews_prev_next_container\"><\/div>\n<div class=\"jnews_author_box_container \">\n<div class=\"jeg_authorbox\">\n<div class=\"jeg_author_content\">\n<h3 class=\"jeg_author_name\"><\/h3>\n<\/div>\n<\/div>\n<\/div>\n","protected":false},"excerpt":{"rendered":"<p>Marcus\u00a0Adams falleci\u00f3 en Estados Unidos a la edad de 69 a\u00f1os. El recordado jugador, brill\u00f3 en su paso por Hind\u00fa y Cosecha en el Chaco, La Uni\u00f3n de Goya, Sportsmen Unidos\u00a0y\u00a0Cicl\u00f3n de Rosario. Adem\u00e1s, es el padre de los actuales jugadores Marcus\u00a0Adams Jr\u00a0y M\u00e1ximo\u00a0Adams. &nbsp; FOTO Marcus Adams, y esposa y dos de sus hijos &hellip;<\/p>\n","protected":false},"author":1,"featured_media":5677,"comment_status":"open","ping_status":"open","sticky":false,"template":"","format":"standard","meta":{"footnotes":""},"categories":[3,8],"tags":[],"class_list":["post-5675","post","type-post","status-publish","format-standard","has-post-thumbnail","hentry","category-basquetbol","category-sport-nea"],"_links":{"self":[{"href":"https:\/\/www.sportchaco.com.ar\/index.php?rest_route=\/wp\/v2\/posts\/5675","targetHints":{"allow":["GET"]}}],"collection":[{"href":"https:\/\/www.sportchaco.com.ar\/index.php?rest_route=\/wp\/v2\/posts"}],"about":[{"href":"https:\/\/www.sportchaco.com.ar\/index.php?rest_route=\/wp\/v2\/types\/post"}],"author":[{"embeddable":true,"href":"https:\/\/www.sportchaco.com.ar\/index.php?rest_route=\/wp\/v2\/users\/1"}],"replies":[{"embeddable":true,"href":"https:\/\/www.sportchaco.com.ar\/index.php?rest_route=%2Fwp%2Fv2%2Fcomments&post=5675"}],"version-history":[{"count":5,"href":"https:\/\/www.sportchaco.com.ar\/index.php?rest_route=\/wp\/v2\/posts\/5675\/revisions"}],"predecessor-version":[{"id":5685,"href":"https:\/\/www.sportchaco.com.ar\/index.php?rest_route=\/wp\/v2\/posts\/5675\/revisions\/5685"}],"wp:featuredmedia":[{"embeddable":true,"href":"https:\/\/www.sportchaco.com.ar\/index.php?rest_route=\/wp\/v2\/media\/5677"}],"wp:attachment":[{"href":"https:\/\/www.sportchaco.com.ar\/index.php?rest_route=%2Fwp%2Fv2%2Fmedia&parent=5675"}],"wp:term":[{"taxonomy":"category","embeddable":true,"href":"https:\/\/www.sportchaco.com.ar\/index.php?rest_route=%2Fwp%2Fv2%2Fcategories&post=5675"},{"taxonomy":"post_tag","embeddable":true,"href":"https:\/\/www.sportchaco.com.ar\/index.php?rest_route=%2Fwp%2Fv2%2Ftags&post=5675"}],"curies":[{"name":"wp","href":"https:\/\/api.w.org\/{rel}","templated":true}]}}