{"id":5722,"date":"2024-02-13T23:25:39","date_gmt":"2024-02-14T02:25:39","guid":{"rendered":"https:\/\/www.sportchaco.com.ar\/?p=5722"},"modified":"2024-02-13T23:25:39","modified_gmt":"2024-02-14T02:25:39","slug":"messi-sera-titular-ante-newells","status":"publish","type":"post","link":"https:\/\/www.sportchaco.com.ar\/?p=5722","title":{"rendered":"Messi ser\u00e1 titular ante \u00d1ewell&#8217;s"},"content":{"rendered":"<p id=\"titulo_cable\" class=\"title\">\n<div id=\"div_cuerpo\" class=\"content cable-content\">Gerardo \u2018Tata\u2019 Martino, el entrenador del Inter Miami, confirm\u00f3 esta noche que Lionel Messi \u201cir\u00e1 de titular\u201d en el amistoso del jueves a las 21.30 que su equipo sostendr\u00e1 ante Newell\u2019s Old Boys de Rosario, en el estadio DRV PNK de Fort Lauderdale.<\/p>\n<p>\u201cLio (Messi) est\u00e1 bien e ir\u00e1 de titular. Va de arranque\u201d, dijo el t\u00e9cnico rosarino en el Centro de Convenciones Mana Wynwood, donde se realiz\u00f3 un evento para simpatizantes e hinchas de la entidad del Parque de la Independencia denominado \u2018Charlas Gloriosas\u2019.<\/p>\n<p>El acto cont\u00f3 con la participaci\u00f3n de otro emblema \u2018rojinegro\u2019, Maximiliano Rodr\u00edguez, m\u00e1s la conducci\u00f3n del periodista Cecilio Flematti.<\/p>\n<p>Messi, de 36 a\u00f1os, evidenci\u00f3 notorios inconvenientes f\u00edsicos en la reciente gira que la franquicia de la Florida realiz\u00f3 por Asia, a punto tal que el exastro del Barcelona no particip\u00f3 del encuentro ante el combinado de Hong Kong y apenas disput\u00f3 30 minutos en el \u00faltimo ensayo ante el Vissel Kobe, en Jap\u00f3n.<\/p>\n<p>Un edema en el aductor izquierdo result\u00f3 determinante para que el crack del seleccionado argentino apenas disputara 238 minutos en el extenuante periplo de encuentros de preparaci\u00f3n que \u2018Las Garzas\u2019 dise\u00f1aron por El Salvador, la ciudad de Dallas, Arabia Saudita y los \u00faltimos dos puntos del continente asi\u00e1tico ya apuntados.<\/p>\n<p>En la charla amena e informal que sostuvo con hinchas de la \u2018Lepra\u2019, el entrenador Martino (que tiene una de las tribunas del estadio Marcelo Bielsa con su nombre), solicit\u00f3 que una de las cabeceras de la cancha ubicada en el Parque Independencia sea bautizada con la denominaci\u00f3n Jos\u00e9 Yudica, en honor al otrora jugador, DT e \u00eddolo de la instituci\u00f3n.<\/p>\n<p>La delegaci\u00f3n de Newell\u2019s, con la inclusi\u00f3n del volante de Sarmiento de Jun\u00edn, Pablo P\u00e9rez, llegar\u00e1 en la ma\u00f1ana del mi\u00e9rcoles a la ciudad de Miami.<\/p><\/div>\n","protected":false},"excerpt":{"rendered":"<p>Gerardo \u2018Tata\u2019 Martino, el entrenador del Inter Miami, confirm\u00f3 esta noche que Lionel Messi \u201cir\u00e1 de titular\u201d en el amistoso del jueves a las 21.30 que su equipo sostendr\u00e1 ante Newell\u2019s Old Boys de Rosario, en el estadio DRV PNK de Fort Lauderdale. \u201cLio (Messi) est\u00e1 bien e ir\u00e1 de titular. Va de arranque\u201d, dijo &hellip;<\/p>\n","protected":false},"author":2,"featured_media":5725,"comment_status":"open","ping_status":"open","sticky":false,"template":"","format":"standard","meta":{"footnotes":""},"categories":[6],"tags":[],"class_list":["post-5722","post","type-post","status-publish","format-standard","has-post-thumbnail","hentry","category-internacionales"],"_links":{"self":[{"href":"https:\/\/www.sportchaco.com.ar\/index.php?rest_route=\/wp\/v2\/posts\/5722","targetHints":{"allow":["GET"]}}],"collection":[{"href":"https:\/\/www.sportchaco.com.ar\/index.php?rest_route=\/wp\/v2\/posts"}],"about":[{"href":"https:\/\/www.sportchaco.com.ar\/index.php?rest_route=\/wp\/v2\/types\/post"}],"author":[{"embeddable":true,"href":"https:\/\/www.sportchaco.com.ar\/index.php?rest_route=\/wp\/v2\/users\/2"}],"replies":[{"embeddable":true,"href":"https:\/\/www.sportchaco.com.ar\/index.php?rest_route=%2Fwp%2Fv2%2Fcomments&post=5722"}],"version-history":[{"count":1,"href":"https:\/\/www.sportchaco.com.ar\/index.php?rest_route=\/wp\/v2\/posts\/5722\/revisions"}],"predecessor-version":[{"id":5726,"href":"https:\/\/www.sportchaco.com.ar\/index.php?rest_route=\/wp\/v2\/posts\/5722\/revisions\/5726"}],"wp:featuredmedia":[{"embeddable":true,"href":"https:\/\/www.sportchaco.com.ar\/index.php?rest_route=\/wp\/v2\/media\/5725"}],"wp:attachment":[{"href":"https:\/\/www.sportchaco.com.ar\/index.php?rest_route=%2Fwp%2Fv2%2Fmedia&parent=5722"}],"wp:term":[{"taxonomy":"category","embeddable":true,"href":"https:\/\/www.sportchaco.com.ar\/index.php?rest_route=%2Fwp%2Fv2%2Fcategories&post=5722"},{"taxonomy":"post_tag","embeddable":true,"href":"https:\/\/www.sportchaco.com.ar\/index.php?rest_route=%2Fwp%2Fv2%2Ftags&post=5722"}],"curies":[{"name":"wp","href":"https:\/\/api.w.org\/{rel}","templated":true}]}}