{"id":5734,"date":"2024-02-14T10:26:32","date_gmt":"2024-02-14T13:26:32","guid":{"rendered":"https:\/\/www.sportchaco.com.ar\/?p=5734"},"modified":"2024-02-14T10:26:32","modified_gmt":"2024-02-14T13:26:32","slug":"el-w15-fue-presentado-por-mercedes-benz","status":"publish","type":"post","link":"https:\/\/www.sportchaco.com.ar\/?p=5734","title":{"rendered":"El W15 fue presentado por Mercedes Benz"},"content":{"rendered":"<p id=\"titulo_cable\" class=\"title\">\n<div id=\"div_cuerpo\" class=\"content cable-content\"><strong>La escuder\u00eda Mercedes present\u00f3 hoy el monoplaza W15 con el correr\u00e1 en la temporada 2024 y que ser\u00e1 el \u00faltimo auto del equipo alem\u00e1n al que se subir\u00e1 el brit\u00e1nico Lewis Hamilton, quien dejar\u00e1 la marca germana a fin de a\u00f1o para sumarse a Ferrari en el 2025.<\/strong><\/p>\n<p>Seg\u00fan publica el diario Marca, el W15 de Mercedes \u00abrecupera el color de las flechas plateadas\u00bb en la parte delantera y en la cabina del piloto que \u00abse combina con el color verde agua\u00bb, mientras que el resto del coche se mantendr\u00e1 de color negro \u00abpor motivos de ahorro de peso\u00bb.<\/p>\n<p>\u00abNo es s\u00f3lo un cambio de aerodin\u00e1mica, sino muchos cambios mec\u00e1nicos para hacer un coche m\u00e1s r\u00e1pido y predecible para los pilotos. Veremos en Bahr\u00e9in si lo hemos conseguido\u00bb, precis\u00f3 Toto Wolff, jefe del equipo Mercedes.<\/p>\n<p>El t\u00e9cnico austr\u00edaco admiti\u00f3 que tienen por delante \u00abuna monta\u00f1a que escalar para luchar en el frente\u00bb y agreg\u00f3: \u00abEn este deporte no hay milagros, pero nuestra ambici\u00f3n y determinaci\u00f3n son fuertes. Desde que se traz\u00f3 este nuevo rumbo, el desarrollo ha progresado bien. Ten\u00edamos varios elementos en nuestra lista de prioridades para este autom\u00f3vil. Pronto veremos si hemos dado el paso que busc\u00e1bamos\u00bb.<\/p>\n<p>Mercedes quiere volver a lograr t\u00edtulos en la F1 tras dos a\u00f1os \u00abdiscretos\u00bb y con s\u00f3lo una victoria, la de George Russell en Brasil 2022, situaci\u00f3n que \u00abpropici\u00f3 un volantazo total\u00bb en cuanto a la construcci\u00f3n de un nuevo monoplaza.<\/p>\n<p>La pr\u00f3xima temporada para Mercedes tendr\u00e1, adem\u00e1s, la particularidad de que ser\u00e1 la \u00faltima de Lewis Hamilton en el equipo alem\u00e1n, en el que milit\u00f3 durante 11 a\u00f1os y con el que gan\u00f3 seis de sus siete campeonatos del mundo.<\/p>\n<p>El piloto brit\u00e1nico dejar\u00e1 Mercedes a fines de este a\u00f1o para correr reci\u00e9n a partir de 2025 en Ferrari, pero se convirti\u00f3 en \u00abla noticia del a\u00f1o\u00bb de la F\u00f3rmula 1 que comenzar\u00e1 a rodar oficialmente el pr\u00f3ximo 2 de marzo en el Gran Premio de Bahrein, en la primera de las 24 pruebas organizadas para esta temporada.<\/p><\/div>\n","protected":false},"excerpt":{"rendered":"<p>La escuder\u00eda Mercedes present\u00f3 hoy el monoplaza W15 con el correr\u00e1 en la temporada 2024 y que ser\u00e1 el \u00faltimo auto del equipo alem\u00e1n al que se subir\u00e1 el brit\u00e1nico Lewis Hamilton, quien dejar\u00e1 la marca germana a fin de a\u00f1o para sumarse a Ferrari en el 2025. Seg\u00fan publica el diario Marca, el W15 &hellip;<\/p>\n","protected":false},"author":2,"featured_media":5735,"comment_status":"open","ping_status":"open","sticky":false,"template":"","format":"standard","meta":{"footnotes":""},"categories":[2],"tags":[],"class_list":["post-5734","post","type-post","status-publish","format-standard","has-post-thumbnail","hentry","category-automovilismo"],"_links":{"self":[{"href":"https:\/\/www.sportchaco.com.ar\/index.php?rest_route=\/wp\/v2\/posts\/5734","targetHints":{"allow":["GET"]}}],"collection":[{"href":"https:\/\/www.sportchaco.com.ar\/index.php?rest_route=\/wp\/v2\/posts"}],"about":[{"href":"https:\/\/www.sportchaco.com.ar\/index.php?rest_route=\/wp\/v2\/types\/post"}],"author":[{"embeddable":true,"href":"https:\/\/www.sportchaco.com.ar\/index.php?rest_route=\/wp\/v2\/users\/2"}],"replies":[{"embeddable":true,"href":"https:\/\/www.sportchaco.com.ar\/index.php?rest_route=%2Fwp%2Fv2%2Fcomments&post=5734"}],"version-history":[{"count":1,"href":"https:\/\/www.sportchaco.com.ar\/index.php?rest_route=\/wp\/v2\/posts\/5734\/revisions"}],"predecessor-version":[{"id":5736,"href":"https:\/\/www.sportchaco.com.ar\/index.php?rest_route=\/wp\/v2\/posts\/5734\/revisions\/5736"}],"wp:featuredmedia":[{"embeddable":true,"href":"https:\/\/www.sportchaco.com.ar\/index.php?rest_route=\/wp\/v2\/media\/5735"}],"wp:attachment":[{"href":"https:\/\/www.sportchaco.com.ar\/index.php?rest_route=%2Fwp%2Fv2%2Fmedia&parent=5734"}],"wp:term":[{"taxonomy":"category","embeddable":true,"href":"https:\/\/www.sportchaco.com.ar\/index.php?rest_route=%2Fwp%2Fv2%2Fcategories&post=5734"},{"taxonomy":"post_tag","embeddable":true,"href":"https:\/\/www.sportchaco.com.ar\/index.php?rest_route=%2Fwp%2Fv2%2Ftags&post=5734"}],"curies":[{"name":"wp","href":"https:\/\/api.w.org\/{rel}","templated":true}]}}