{"id":5773,"date":"2024-02-15T08:22:49","date_gmt":"2024-02-15T11:22:49","guid":{"rendered":"https:\/\/www.sportchaco.com.ar\/?p=5773"},"modified":"2024-03-08T09:45:36","modified_gmt":"2024-03-08T12:45:36","slug":"verza-contara-con-el-apoyo-del-instituto-del-deporte-chaqueno","status":"publish","type":"post","link":"https:\/\/www.sportchaco.com.ar\/?p=5773","title":{"rendered":"Verza contar\u00e1 con el apoyo del Instituto del Deporte Chaque\u00f1o"},"content":{"rendered":"<p>15-02-2024 El titular del Instituto del Deporte Chaque\u00f1o, Fabio V\u00e1zquez, recibi\u00f3 en su despacho al 8 veces corredor del Dakar representando a la Argentina y al Chaco; actual campe\u00f3n Latinoamericano de la FIM en cuatriciclos Carlos Verza.<\/p>\n<p>En la reuni\u00f3n con V\u00e1zquez, el piloto-mec\u00e1nico expuso un plan de trabajo para este 2024 que termina con la participaci\u00f3n en la competencia m\u00e1s dura del mundo en el 2025, adem\u00e1s record\u00f3 que este 2024 por cuestiones presupuestarias de \u00faltimo momento no pudo participar en Arabia Saudita.<\/p>\n<p>El \u00abYaguarete chaque\u00f1o\u00bb nos puntualiz\u00f3 las fechas que hay que cumplir para poder entrar en el cupo de selecci\u00f3n del Dakar 2025.<\/p>\n<p>Tambi\u00e9n de c\u00f3mo va encarar las competencias en este 2024 que son varias y el proyecto camioneta que va comenzar con las pruebas en tiempo real, dentro de carreras, en la modalidad de la fecha del Rally Riojano, Rally Catamarque\u00f1o y Rally de la Patagonia va estar a punto. Esta tarea aparte del proyecto Dakar 2025; ya que posiblemente los cuatriciclos luego de la competencia no se corra m\u00e1s esa la categor\u00eda.<\/p>\n<p><img loading=\"lazy\" decoding=\"async\" class=\"alignnone size-medium wp-image-6618\" src=\"https:\/\/www.sportchaco.com.ar\/wp-content\/uploads\/2024\/02\/aVISO-4-240x300.jpeg\" alt=\"\" width=\"240\" height=\"300\" srcset=\"https:\/\/www.sportchaco.com.ar\/wp-content\/uploads\/2024\/02\/aVISO-4-240x300.jpeg 240w, https:\/\/www.sportchaco.com.ar\/wp-content\/uploads\/2024\/02\/aVISO-4-819x1024.jpeg 819w, https:\/\/www.sportchaco.com.ar\/wp-content\/uploads\/2024\/02\/aVISO-4-768x960.jpeg 768w, https:\/\/www.sportchaco.com.ar\/wp-content\/uploads\/2024\/02\/aVISO-4.jpeg 1080w\" sizes=\"auto, (max-width: 240px) 100vw, 240px\" \/><\/p>\n<p>El piloto chaque\u00f1o tambi\u00e9n se refiri\u00f3 al Desaf\u00edo Ruta 40 que es una fecha del campeonato del mundo y es una competencia pr\u00e1cticamente al nivel de un Dakar tanto por los equipos de navegaci\u00f3n que se usa y tambi\u00e9n el nivel de la competencia ya que vienen los ganadores del Dakar 2024 y va estar compitiendo por el campeonato del mundo y una fecha s\u00faper importante para Carlos Verza hacerla en Nuestro Pa\u00eds ya que evitar\u00eda salir a otra parte del mundo a competir antes del Dakar.<\/p>\n<p>Por \u00faltimo, el titular de la cartera deportiva Prof. Fabio V\u00e1zquez puntualizo que es parte del expreso pedido del Gobernador Arq. Leandro Zdero seguir apoyando las actividades de cada represente deportivo de nuestra provincia.<\/p>\n","protected":false},"excerpt":{"rendered":"<p>15-02-2024 El titular del Instituto del Deporte Chaque\u00f1o, Fabio V\u00e1zquez, recibi\u00f3 en su despacho al 8 veces corredor del Dakar representando a la Argentina y al Chaco; actual campe\u00f3n Latinoamericano de la FIM en cuatriciclos Carlos Verza. En la reuni\u00f3n con V\u00e1zquez, el piloto-mec\u00e1nico expuso un plan de trabajo para este 2024 que termina con &hellip;<\/p>\n","protected":false},"author":3,"featured_media":5774,"comment_status":"open","ping_status":"open","sticky":false,"template":"","format":"standard","meta":{"footnotes":""},"categories":[8],"tags":[],"class_list":["post-5773","post","type-post","status-publish","format-standard","has-post-thumbnail","hentry","category-sport-nea"],"_links":{"self":[{"href":"https:\/\/www.sportchaco.com.ar\/index.php?rest_route=\/wp\/v2\/posts\/5773","targetHints":{"allow":["GET"]}}],"collection":[{"href":"https:\/\/www.sportchaco.com.ar\/index.php?rest_route=\/wp\/v2\/posts"}],"about":[{"href":"https:\/\/www.sportchaco.com.ar\/index.php?rest_route=\/wp\/v2\/types\/post"}],"author":[{"embeddable":true,"href":"https:\/\/www.sportchaco.com.ar\/index.php?rest_route=\/wp\/v2\/users\/3"}],"replies":[{"embeddable":true,"href":"https:\/\/www.sportchaco.com.ar\/index.php?rest_route=%2Fwp%2Fv2%2Fcomments&post=5773"}],"version-history":[{"count":2,"href":"https:\/\/www.sportchaco.com.ar\/index.php?rest_route=\/wp\/v2\/posts\/5773\/revisions"}],"predecessor-version":[{"id":6619,"href":"https:\/\/www.sportchaco.com.ar\/index.php?rest_route=\/wp\/v2\/posts\/5773\/revisions\/6619"}],"wp:featuredmedia":[{"embeddable":true,"href":"https:\/\/www.sportchaco.com.ar\/index.php?rest_route=\/wp\/v2\/media\/5774"}],"wp:attachment":[{"href":"https:\/\/www.sportchaco.com.ar\/index.php?rest_route=%2Fwp%2Fv2%2Fmedia&parent=5773"}],"wp:term":[{"taxonomy":"category","embeddable":true,"href":"https:\/\/www.sportchaco.com.ar\/index.php?rest_route=%2Fwp%2Fv2%2Fcategories&post=5773"},{"taxonomy":"post_tag","embeddable":true,"href":"https:\/\/www.sportchaco.com.ar\/index.php?rest_route=%2Fwp%2Fv2%2Ftags&post=5773"}],"curies":[{"name":"wp","href":"https:\/\/api.w.org\/{rel}","templated":true}]}}