{"id":5799,"date":"2024-02-15T16:21:48","date_gmt":"2024-02-15T19:21:48","guid":{"rendered":"https:\/\/www.sportchaco.com.ar\/?p=5799"},"modified":"2024-02-15T16:21:48","modified_gmt":"2024-02-15T19:21:48","slug":"for-ever-entreno-y-parte-para-mataderos","status":"publish","type":"post","link":"https:\/\/www.sportchaco.com.ar\/?p=5799","title":{"rendered":"For Ever entren\u00f3 y parte para Mataderos"},"content":{"rendered":"<p>For Ever cerr\u00f3 su semana de entrenamientos esta ma\u00f1ana con un ensayo de f\u00fatbol donde el DT, Diego Osella, empez\u00f3 a definir el equipo que jugar\u00e1 ante Nueva Chicago este s\u00e1bado en Mataderos por la 3\u00aa fecha de la Primera Nacional.<\/p>\n<p>La baja confirmada en el equipo es la de Mateo Maccari quien se retir\u00f3 lesionado en el partido ante Gimnasia de Mendoza, tras realizarse estudios se confirm\u00f3 que el mediocampista tiene dos semanas de recuperaci\u00f3n por un esguince de rodilla con un peque\u00f1o desgarro en uno de los tendones.<\/p>\n<p>Su lugar podr\u00eda ser ocupado por Rodrigo V\u00e9lez, ya ingres\u00f3 por el ante los mendocinos, o el ingreso de Daniel Gonz\u00e1lez. Adem\u00e1s, en el mediocampo tambi\u00e9n podr\u00eda meterse en el \u00ab11\u00bb Gonzalo Lucero en reemplazo de Alan Sombra.<\/p>\n<p>La buena noticia para el \u00abnegro\u00bb es la citaci\u00f3n, luego de su rotura de ligamentos cruzados en julio del a\u00f1o pasado, de David Valdez que viajar\u00e1 junto a la delegaci\u00f3n a Buenos Aires.<\/p>\n<p>En consecuencia el equipo que prob\u00f3 Osella fue con Kevin Larrea; Agust\u00edn Bellone, Maximiliano Romero, Mathias Silvera y Lucas Kruspzky; Javier Iritier, Brian Nievas, Rodrigo V\u00e9lez\/Daniel Gonz\u00e1lez y Alan Sombra\/Gonzalo Lucero; Genaro Rossi y Jonathan Dellarossa.<\/p>\n<p>El plantel partir\u00e1 este juves por la noche rumbo a Buenos Aires y la delegaci\u00f3n la completan el mencionado David Valdez, Gast\u00f3n Canuto, Tom\u00e1s L\u00f3pez, Milton Leyendeker, Marcos Gim\u00e9nez, Franco Perinciolo y Mat\u00edas Quiroga.<\/p>\n","protected":false},"excerpt":{"rendered":"<p>For Ever cerr\u00f3 su semana de entrenamientos esta ma\u00f1ana con un ensayo de f\u00fatbol donde el DT, Diego Osella, empez\u00f3 a definir el equipo que jugar\u00e1 ante Nueva Chicago este s\u00e1bado en Mataderos por la 3\u00aa fecha de la Primera Nacional. La baja confirmada en el equipo es la de Mateo Maccari quien se retir\u00f3 &hellip;<\/p>\n","protected":false},"author":3,"featured_media":4214,"comment_status":"open","ping_status":"open","sticky":false,"template":"","format":"standard","meta":{"footnotes":""},"categories":[5],"tags":[],"class_list":["post-5799","post","type-post","status-publish","format-standard","has-post-thumbnail","hentry","category-futbol"],"_links":{"self":[{"href":"https:\/\/www.sportchaco.com.ar\/index.php?rest_route=\/wp\/v2\/posts\/5799","targetHints":{"allow":["GET"]}}],"collection":[{"href":"https:\/\/www.sportchaco.com.ar\/index.php?rest_route=\/wp\/v2\/posts"}],"about":[{"href":"https:\/\/www.sportchaco.com.ar\/index.php?rest_route=\/wp\/v2\/types\/post"}],"author":[{"embeddable":true,"href":"https:\/\/www.sportchaco.com.ar\/index.php?rest_route=\/wp\/v2\/users\/3"}],"replies":[{"embeddable":true,"href":"https:\/\/www.sportchaco.com.ar\/index.php?rest_route=%2Fwp%2Fv2%2Fcomments&post=5799"}],"version-history":[{"count":2,"href":"https:\/\/www.sportchaco.com.ar\/index.php?rest_route=\/wp\/v2\/posts\/5799\/revisions"}],"predecessor-version":[{"id":5801,"href":"https:\/\/www.sportchaco.com.ar\/index.php?rest_route=\/wp\/v2\/posts\/5799\/revisions\/5801"}],"wp:featuredmedia":[{"embeddable":true,"href":"https:\/\/www.sportchaco.com.ar\/index.php?rest_route=\/wp\/v2\/media\/4214"}],"wp:attachment":[{"href":"https:\/\/www.sportchaco.com.ar\/index.php?rest_route=%2Fwp%2Fv2%2Fmedia&parent=5799"}],"wp:term":[{"taxonomy":"category","embeddable":true,"href":"https:\/\/www.sportchaco.com.ar\/index.php?rest_route=%2Fwp%2Fv2%2Fcategories&post=5799"},{"taxonomy":"post_tag","embeddable":true,"href":"https:\/\/www.sportchaco.com.ar\/index.php?rest_route=%2Fwp%2Fv2%2Ftags&post=5799"}],"curies":[{"name":"wp","href":"https:\/\/api.w.org\/{rel}","templated":true}]}}