{"id":5810,"date":"2024-02-15T20:28:48","date_gmt":"2024-02-15T23:28:48","guid":{"rendered":"https:\/\/www.sportchaco.com.ar\/?p=5810"},"modified":"2024-02-16T12:24:49","modified_gmt":"2024-02-16T15:24:49","slug":"jose-valant-y-un-gran-trabajo-en-el-club-libertad","status":"publish","type":"post","link":"https:\/\/www.sportchaco.com.ar\/?p=5810","title":{"rendered":"Jos\u00e9 Valant y un gran trabajo en el club Libertad"},"content":{"rendered":"<p>JOSE VALANT, volcando todo su entusiasmo y sabidur\u00eda por la ni\u00f1ez y juventud del Club Libertad de la villa hom\u00f3nima y barrios aleda\u00f1os. Trabajas en distintas divisiones y este a\u00f1o se suma con tres divisiones a la ABR. Una charla con Cara y Ceca el Deporte por Radio Provincia del Chaco, con los periodistas Luis Dar\u00edo Molodezky, Facundo Maciel y Marcos Daniel Acosta. <a href=\"https:\/\/youtu.be\/zoxGqav0zUQ\">https:\/\/youtu.be\/zoxGqav0zUQ<\/a><\/p>\n<p>&nbsp;<\/p>\n<h1 class=\"story-title entry-title\">Jos\u00e9 Valant: \u201cBuscamos que ning\u00fan chico quede afuera, brindamos contenci\u00f3n y buscamos sacarlos de la calle\u201d<\/h1>\n<p>&nbsp;<\/p>\n<p>Fuente baskettotal<\/p>\n<div id=\"right-content\" class=\"relative\">\n<div id=\"content-area\" class=\"left relative\">\n<div id=\"feat-img-reg\" class=\"relative\"><img decoding=\"async\" class=\" lazyloaded\" src=\"https:\/\/baskettotal.com.ar\/wp-content\/uploads\/2023\/04\/1-1000x482.jpg\" data-src=\"https:\/\/baskettotal.com.ar\/wp-content\/uploads\/2023\/04\/1-1000x482.jpg\" \/><\/div>\n<div id=\"left-content-mobi\">\n<div class=\"author-info-mob-wrap\">\n<p><span class=\"vcard author\"><span class=\"author-name left fn\"><a title=\"Entradas de prensa\" href=\"https:\/\/baskettotal.com.ar\/author\/prensa\/\" rel=\"author\">PRENSA<\/a><\/span><\/span><\/p>\n<div class=\"post-date-wrap left relative post-date-mob\"><span class=\"post-date\"><time class=\"post-date updated\" datetime=\"2023-04-10\">10 ABRIL, 2023<\/time><\/span><\/div>\n<\/div>\n<\/div>\n<div id=\"tps_slideContainer_14120\" class=\"theiaPostSlider_slides\">\n<div>\n<p>\u00a0<strong>El club atl\u00e9tico Villa Libertad contiene a m\u00e1s de 90 ni\u00f1os y ni\u00f1as y es otra instituci\u00f3n que se suma al b\u00e1squet metropolitano.<\/strong><\/p>\n<p>&nbsp;<\/p>\n<p>El b\u00e1squet metropolitano contin\u00faa mostrando todo su potencial en los diferentes rincones del \u00c1rea Metropolitana, donde una de las instituciones que se sumaron al mundo del b\u00e1squet es el club atl\u00e9tico Villa Libertad de la ciudad de Resistencia, donde adem\u00e1s cuenta con una importante infraestructura y m\u00e1s de 90 chicos y chicas.<\/p>\n<p>&nbsp;<\/p>\n<p>En este marco, el entrenador principal de la instituci\u00f3n, Jos\u00e9 Valant, remarc\u00f3 que \u201cempezamos hace dos a\u00f1os a trabajar en el club, buscando a los chicos y chicas darle contenci\u00f3n y ense\u00f1arles esta pasi\u00f3n; actualmente estamos trabajando en todo el minib\u00e1squet y en conjunto con la Asociaci\u00f3n de B\u00e1squet de Resistencia (ABR)\u201d.<\/p>\n<figure class=\"wp-block-image size-large\"><a href=\"https:\/\/baskettotal.com.ar\/wp-content\/uploads\/2023\/04\/Libertad-3.jpg\"><img loading=\"lazy\" decoding=\"async\" class=\"lazy wp-image-14122 lazy-loaded\" src=\"https:\/\/baskettotal.com.ar\/wp-content\/uploads\/2023\/04\/Libertad-3-1024x576.jpg\" sizes=\"auto, (max-width: 1024px) 100vw, 1024px\" srcset=\"https:\/\/baskettotal.com.ar\/wp-content\/uploads\/2023\/04\/Libertad-3-1024x576.jpg 1024w, https:\/\/baskettotal.com.ar\/wp-content\/uploads\/2023\/04\/Libertad-3-300x169.jpg 300w, https:\/\/baskettotal.com.ar\/wp-content\/uploads\/2023\/04\/Libertad-3-768x432.jpg 768w, https:\/\/baskettotal.com.ar\/wp-content\/uploads\/2023\/04\/Libertad-3.jpg 1040w\" alt=\"\" width=\"1024\" height=\"576\" data-lazy-type=\"image\" data-lazy-src=\"https:\/\/baskettotal.com.ar\/wp-content\/uploads\/2023\/04\/Libertad-3-1024x576.jpg\" data-lazy-srcset=\"https:\/\/baskettotal.com.ar\/wp-content\/uploads\/2023\/04\/Libertad-3-1024x576.jpg 1024w, https:\/\/baskettotal.com.ar\/wp-content\/uploads\/2023\/04\/Libertad-3-300x169.jpg 300w, https:\/\/baskettotal.com.ar\/wp-content\/uploads\/2023\/04\/Libertad-3-768x432.jpg 768w, https:\/\/baskettotal.com.ar\/wp-content\/uploads\/2023\/04\/Libertad-3.jpg 1040w\" data-lazy-sizes=\"(max-width: 1024px) 100vw, 1024px\" \/><\/a><\/figure>\n<p>Las categor\u00edas con las que cuenta el club atl\u00e9tico Villa Libertad son: Mosquitos (17, 30 a 18, 30 horas); Pre \u2013 Mini (18, 30 a 19, 30 horas); y Mini (19, 30 a 20, 30 horas). \u201cAdem\u00e1s tenemos una categor\u00eda que llamamos Juveniles, buscando siempre que ning\u00fan chico quede afuera, damos contenci\u00f3n y sacarlos de la calle\u201d, expres\u00f3 Valant quien vale remarcar que cuenta con carnet de ENEBA I y II.<\/p>\n<p>&nbsp;<\/p>\n<p>Actualmente, el club Villa Libertad en sus instalaciones cuenta con un play\u00f3n deportivo, recibieron balones por donaciones y tambi\u00e9n cuenta con los aros correspondientes. \u201cQuiero agradecer a Rodrigo Ocampo, quien vino al club y nos dio todo su acompa\u00f1amiento; en esta gesti\u00f3n la ABR cambi\u00f3 mucho en comparaci\u00f3n a los a\u00f1os anteriores\u201d, expres\u00f3 el entrenador quien junto a su hijo Jos\u00e9 Valant y Bel\u00e9n Ojeda conforman el staff de entrenadores de la instituci\u00f3n.<\/p>\n<p>&nbsp;<\/p>\n<p>\u201cEntre los objetivos para este 2023 tenemos a corto, mediano y largo plazo. A corto plazo venimos trabajando en un bono contribuci\u00f3n para posteriormente ejecutar los arreglos de la cancha y adquirir elementos de trabajo; a mediano plazo queremos que los chicos puedan viajar, conocer e intercambiar con otros chicos.de distintos lugares, y a largo plazo con estos mismos chicos, buscaremos presentar un equipo de Primera y tener todas las categor\u00edas formativas\u201d, finaliz\u00f3 Valant.<\/p>\n<figure class=\"wp-block-image size-large\"><a href=\"https:\/\/baskettotal.com.ar\/wp-content\/uploads\/2023\/04\/Libertad-2.jpg\"><img loading=\"lazy\" decoding=\"async\" class=\"lazy wp-image-14121 lazy-loaded\" src=\"https:\/\/baskettotal.com.ar\/wp-content\/uploads\/2023\/04\/Libertad-2-1024x576.jpg\" sizes=\"auto, (max-width: 1024px) 100vw, 1024px\" srcset=\"https:\/\/baskettotal.com.ar\/wp-content\/uploads\/2023\/04\/Libertad-2-1024x576.jpg 1024w, https:\/\/baskettotal.com.ar\/wp-content\/uploads\/2023\/04\/Libertad-2-300x169.jpg 300w, https:\/\/baskettotal.com.ar\/wp-content\/uploads\/2023\/04\/Libertad-2-768x432.jpg 768w, https:\/\/baskettotal.com.ar\/wp-content\/uploads\/2023\/04\/Libertad-2.jpg 1040w\" alt=\"\" width=\"1024\" height=\"576\" data-lazy-type=\"image\" data-lazy-src=\"https:\/\/baskettotal.com.ar\/wp-content\/uploads\/2023\/04\/Libertad-2-1024x576.jpg\" data-lazy-srcset=\"https:\/\/baskettotal.com.ar\/wp-content\/uploads\/2023\/04\/Libertad-2-1024x576.jpg 1024w, https:\/\/baskettotal.com.ar\/wp-content\/uploads\/2023\/04\/Libertad-2-300x169.jpg 300w, https:\/\/baskettotal.com.ar\/wp-content\/uploads\/2023\/04\/Libertad-2-768x432.jpg 768w, https:\/\/baskettotal.com.ar\/wp-content\/uploads\/2023\/04\/Libertad-2.jpg 1040w\" data-lazy-sizes=\"(max-width: 1024px) 100vw, 1024px\" \/><\/a><\/figure>\n<p>&nbsp;<\/p>\n<\/div>\n<\/div>\n<div class=\"theiaPostSlider_footer _footer\">(Por Santiago Waissmann\/ Basket Total)<\/div>\n<p>&nbsp;<\/p>\n<div class=\"post-tags post-tags-mobi\"><\/div>\n<\/div>\n<\/div>\n","protected":false},"excerpt":{"rendered":"<p>JOSE VALANT, volcando todo su entusiasmo y sabidur\u00eda por la ni\u00f1ez y juventud del Club Libertad de la villa hom\u00f3nima y barrios aleda\u00f1os. Trabajas en distintas divisiones y este a\u00f1o se suma con tres divisiones a la ABR. Una charla con Cara y Ceca el Deporte por Radio Provincia del Chaco, con los periodistas Luis &hellip;<\/p>\n","protected":false},"author":2,"featured_media":5811,"comment_status":"open","ping_status":"open","sticky":false,"template":"","format":"standard","meta":{"footnotes":""},"categories":[3],"tags":[],"class_list":["post-5810","post","type-post","status-publish","format-standard","has-post-thumbnail","hentry","category-basquetbol"],"_links":{"self":[{"href":"https:\/\/www.sportchaco.com.ar\/index.php?rest_route=\/wp\/v2\/posts\/5810","targetHints":{"allow":["GET"]}}],"collection":[{"href":"https:\/\/www.sportchaco.com.ar\/index.php?rest_route=\/wp\/v2\/posts"}],"about":[{"href":"https:\/\/www.sportchaco.com.ar\/index.php?rest_route=\/wp\/v2\/types\/post"}],"author":[{"embeddable":true,"href":"https:\/\/www.sportchaco.com.ar\/index.php?rest_route=\/wp\/v2\/users\/2"}],"replies":[{"embeddable":true,"href":"https:\/\/www.sportchaco.com.ar\/index.php?rest_route=%2Fwp%2Fv2%2Fcomments&post=5810"}],"version-history":[{"count":2,"href":"https:\/\/www.sportchaco.com.ar\/index.php?rest_route=\/wp\/v2\/posts\/5810\/revisions"}],"predecessor-version":[{"id":5849,"href":"https:\/\/www.sportchaco.com.ar\/index.php?rest_route=\/wp\/v2\/posts\/5810\/revisions\/5849"}],"wp:featuredmedia":[{"embeddable":true,"href":"https:\/\/www.sportchaco.com.ar\/index.php?rest_route=\/wp\/v2\/media\/5811"}],"wp:attachment":[{"href":"https:\/\/www.sportchaco.com.ar\/index.php?rest_route=%2Fwp%2Fv2%2Fmedia&parent=5810"}],"wp:term":[{"taxonomy":"category","embeddable":true,"href":"https:\/\/www.sportchaco.com.ar\/index.php?rest_route=%2Fwp%2Fv2%2Fcategories&post=5810"},{"taxonomy":"post_tag","embeddable":true,"href":"https:\/\/www.sportchaco.com.ar\/index.php?rest_route=%2Fwp%2Fv2%2Ftags&post=5810"}],"curies":[{"name":"wp","href":"https:\/\/api.w.org\/{rel}","templated":true}]}}