{"id":5815,"date":"2024-02-16T10:23:09","date_gmt":"2024-02-16T13:23:09","guid":{"rendered":"https:\/\/www.sportchaco.com.ar\/?p=5815"},"modified":"2024-02-16T10:23:09","modified_gmt":"2024-02-16T13:23:09","slug":"martino-confirmo-que-messi-esta-plenamente-recuperado","status":"publish","type":"post","link":"https:\/\/www.sportchaco.com.ar\/?p=5815","title":{"rendered":"Martino confirm\u00f3 que Messi est\u00e1 \u201cplenamente recuperado\u201d"},"content":{"rendered":"<section class=\"principal\">\n<div class=\"fullpost__encabezado \">\n<h1 class=\"fullpost__titulo\"><\/h1>\n<p class=\"fullpost__copete\">Lo dijo tras el empate 1-1 del Inter Miami ante Newell\u00b4s Old Boys de Rosario cerrando la gira de encuentros amistosos.<\/p>\n<\/div>\n<\/section>\n<section class=\"extra1\">\n<div class=\"fullpost__main   \">\n<div class=\"fullpost__cuerpo\">\n<p>El director t\u00e9cnico argentino del\u00a0<strong>Inter Miami, Gerardo Martino<\/strong>, muy optimista por la respuesta f\u00edsica de\u00a0<strong>Lionel Messi<\/strong>\u00a0en el empate 1-1 de anoche ante Newell\u00b4s Old Boys de Rosario cerrando la gira de encuentros amistosos, afirm\u00f3 que lo observ\u00f3 \u00abplenamente recuperado\u00bb para iniciar la temporada de la Major League Soccer el pr\u00f3ximo mi\u00e9rcoles frente a Real Salt Lake como local en Fort Lauderdale.<\/p>\n<p>El \u00abTata\u00bb se mostr\u00f3 muy contento por la devoluci\u00f3n que entreg\u00f3 el astro argentino durante el encuentro que disput\u00f3 su equipo ante el conjunto leproso que finaliz\u00f3 con un empate 1-1 con goles del centrodelantero Shanyder Borgelin, para Inter, y el mediocampista Franco D\u00edaz, para Newell&#8217;s.<\/p>\n<p>\u00abYo lo veo plenamente recuperado\u00bb, manifest\u00f3 el t\u00e9cnico, de 61 a\u00f1os, acerca de la dolencia en el aductor de la pierna derecha que sufri\u00f3 el astro argentino durante la gira por Arabia Saudita, Hong Kong y Jap\u00f3n, donde se especul\u00f3 con una lesi\u00f3n de gravedad que lo podr\u00eda marginar del inicio de los primeros partidos de su club e incluso de la fecha FIFA de marzo con el seleccionado argentino.<\/p>\n<div class=\"medios-widget post\"><\/div>\n<p>\u00abHabl\u00e9 con Leo y se sent\u00eda bien\u00bb, rescat\u00f3 el ex entrenador de Atlanta United. \u00abHablamos durante la semana para que jugara entre 45 y 60 minutos. Finalmente, jug\u00f3 lo que esper\u00e1bamos todos. Lo m\u00e1s importante para nosotros y para Leo es que llegue bien al pr\u00f3ximo mi\u00e9rcoles\u00bb, advirti\u00f3 Martino sobre el comienzo de la temporada de la MLS.<\/p>\n<p>Adem\u00e1s, el t\u00e9cnico rosarino transmiti\u00f3 \u00abmucha esperanza\u00bb con el estado de salud del atacante uruguayo Luis Su\u00e1rez en el conjunto floridiano, remarcando que \u00abf\u00edsicamente est\u00e1 muy bien pero nos queda un mayor trabajo con \u00e9l dentro del equipo. Quiz\u00e1s lo conocen Jordi (Alba) o Busi (Sergio Busquets) del Barcelona, pero Luis tiene que acoplarse a todos para que se una mejor al equipo\u00bb, se\u00f1al\u00f3.<\/p>\n<p>El equipo rosa y negro situado en Fort Lauderdale finaliz\u00f3 la preparaci\u00f3n con tres derrotas, tres igualdades y apenas un triunfo durante la gira internacional organizada por el club del propietario cubano Jorge M\u00e1s Canosa y el ex jugador brit\u00e1nico David Beckham.<\/p>\n<p>\u00abFue todo un desaf\u00edo\u00bb, indic\u00f3 Martino en alusi\u00f3n a la extensa recorrida transatl\u00e1ntica de siete juegos.<\/p>\n<p>\u00abNo fue la mejor pretemporada porque no tuvimos un plantel completo para la gran cantidad de partidos que jugamos a nivel internacional y apuntamos a salir ilesos de la pretemporada para que vuelvan sanos a Estados Unidos\u00bb, concluy\u00f3 el entrenador de Inter Miami.\u00a0<a href=\"https:\/\/cablera.telam.com.ar\/cable\/deportes\/1501959\/gerardo-martino-confirmo-que-messi-esta-plenamente-recuperado\" target=\"_blank\" rel=\"noopener\">(T\u00e9lam)<\/a><\/p>\n<\/div>\n<p>Fuente Grupo Nueva Provincia<\/p>\n<\/div>\n<\/section>\n","protected":false},"excerpt":{"rendered":"<p>Lo dijo tras el empate 1-1 del Inter Miami ante Newell\u00b4s Old Boys de Rosario cerrando la gira de encuentros amistosos. El director t\u00e9cnico argentino del\u00a0Inter Miami, Gerardo Martino, muy optimista por la respuesta f\u00edsica de\u00a0Lionel Messi\u00a0en el empate 1-1 de anoche ante Newell\u00b4s Old Boys de Rosario cerrando la gira de encuentros amistosos, afirm\u00f3 &hellip;<\/p>\n","protected":false},"author":2,"featured_media":5829,"comment_status":"open","ping_status":"open","sticky":false,"template":"","format":"standard","meta":{"footnotes":""},"categories":[6],"tags":[],"class_list":["post-5815","post","type-post","status-publish","format-standard","has-post-thumbnail","hentry","category-internacionales"],"_links":{"self":[{"href":"https:\/\/www.sportchaco.com.ar\/index.php?rest_route=\/wp\/v2\/posts\/5815","targetHints":{"allow":["GET"]}}],"collection":[{"href":"https:\/\/www.sportchaco.com.ar\/index.php?rest_route=\/wp\/v2\/posts"}],"about":[{"href":"https:\/\/www.sportchaco.com.ar\/index.php?rest_route=\/wp\/v2\/types\/post"}],"author":[{"embeddable":true,"href":"https:\/\/www.sportchaco.com.ar\/index.php?rest_route=\/wp\/v2\/users\/2"}],"replies":[{"embeddable":true,"href":"https:\/\/www.sportchaco.com.ar\/index.php?rest_route=%2Fwp%2Fv2%2Fcomments&post=5815"}],"version-history":[{"count":1,"href":"https:\/\/www.sportchaco.com.ar\/index.php?rest_route=\/wp\/v2\/posts\/5815\/revisions"}],"predecessor-version":[{"id":5830,"href":"https:\/\/www.sportchaco.com.ar\/index.php?rest_route=\/wp\/v2\/posts\/5815\/revisions\/5830"}],"wp:featuredmedia":[{"embeddable":true,"href":"https:\/\/www.sportchaco.com.ar\/index.php?rest_route=\/wp\/v2\/media\/5829"}],"wp:attachment":[{"href":"https:\/\/www.sportchaco.com.ar\/index.php?rest_route=%2Fwp%2Fv2%2Fmedia&parent=5815"}],"wp:term":[{"taxonomy":"category","embeddable":true,"href":"https:\/\/www.sportchaco.com.ar\/index.php?rest_route=%2Fwp%2Fv2%2Fcategories&post=5815"},{"taxonomy":"post_tag","embeddable":true,"href":"https:\/\/www.sportchaco.com.ar\/index.php?rest_route=%2Fwp%2Fv2%2Ftags&post=5815"}],"curies":[{"name":"wp","href":"https:\/\/api.w.org\/{rel}","templated":true}]}}