{"id":5831,"date":"2024-02-16T10:26:33","date_gmt":"2024-02-16T13:26:33","guid":{"rendered":"https:\/\/www.sportchaco.com.ar\/?p=5831"},"modified":"2024-02-16T10:26:33","modified_gmt":"2024-02-16T13:26:33","slug":"real-madrid-salio-a-la-caza-de-kylian-mbappe","status":"publish","type":"post","link":"https:\/\/www.sportchaco.com.ar\/?p=5831","title":{"rendered":"Real Madrid sali\u00f3 a la caza de Kylian Mbapp\u00e9"},"content":{"rendered":"<div class=\"nota__heading\">\n<h1 class=\"nota__heading__title\"><\/h1>\n<p class=\"nota__heading__subtitle\">Florentino P\u00e9rez tiene una gran relaci\u00f3n con el futbolista y ser\u00e1 el encargado de llevar adelante las negociaciones con el entorno del futbolista.<\/p>\n<div class=\"nota__heading__author\">\n<p>&nbsp;<\/p>\n<p>16 de febrero de 2024<\/p><\/div>\n<\/div>\n<div class=\"nota__main-media\">\n<div class=\"nota__image\"><img decoding=\"async\" src=\"https:\/\/www.elgrafico.com.ar\/media\/cache\/pub_news_details_large\/media\/i\/9b\/b9\/9bb9535acd9a2ddaee4e73c6d79ffb1d644de3d7.jpg\" \/><\/div>\n<div class=\"nota__main-media__legend\"><\/div>\n<\/div>\n<div class=\"nota__body\">\n<div class=\"container\">\n<div class=\"row\">\n<div class=\"eg-grid eg-grid--content\">\n<div class=\"eg-cell__1-1\">\n<div class=\"col-xs-24 col-sm-4 eg-social eg-social--vert\">\n<div class=\"addthis_sharing_toolbox nota_body_social\"><\/div>\n<\/div>\n<\/div>\n<div class=\"eg-cell__2-1\">\n<p>pretender\u00eda unos 50 millones de euros brutos\u00a0por temporada en el caso de acordar su llegada al Real Madrid, seg\u00fan hicieron trascender desde el entorno del futbolista, que anunci\u00f3 este jueves que no renovar\u00e1 con el club parisino y ser\u00e1 jugador libre para el pr\u00f3ximo mercado de pases europeo.<\/p>\n<p><strong>\u00ab<em>Mbapp\u00e9 pide 50 millones de euros brutos por temporada, pero el Real Madrid no estar\u00eda dispuesto a desembolsar ese dinero<\/em>\u00ab, public\u00f3 Mundo Deportivo.<\/strong><\/p>\n<p><strong>\u00ab<em>Lo que parece claro es que el franc\u00e9s no cobrar\u00e1 m\u00e1s que Jude Bellingham o Vinicius porque el Real Madrid no quiere romper la escala salarial del vestuario. As\u00ed, se habla de un contrato que rondar\u00eda los 30 millones de euros<\/em>\u00ab, se\u00f1ala el diario espa\u00f1ol.<\/strong><\/p>\n<p><strong>Seg\u00fan otras informaciones, Real Madrid -hist\u00f3rico pretendiente de Mbapp\u00e9- deber\u00e1 adem\u00e1s discutir firmemente\u00a0el cap\u00edtulo de los derechos de imagen que parecen ser \u00ab<em>el centro de la discusi\u00f3n<\/em>\u00bb en la negociaci\u00f3n.<\/strong><\/p>\n<p><strong>El entorno del futbolista del PSG \u00ab<em>quiere todo<\/em>\u00ab, pero el Real Madrid \u00ab<em>no est\u00e1 de acuerdo y en la discusi\u00f3n entre las dos partes ya aparecieron porcentajes que van del 50\/50 al 70 para el Real Madrid y 30 para el jugador<\/em>\u00ab, destaca el medio espa\u00f1ol.<\/strong><\/p>\n<p><strong>Real Madrid \u00ab<em>est\u00e1 firme en su oferta, pero lo que parece claro es que si Mbapp\u00e9 termina desembarcando en el estadio Santiago Bernab\u00e9u, firmar\u00eda por seis temporadas y entre unas cosas y otras, ser\u00eda el mejor pagado del club blanco<\/em>\u00ab, asegura la informaci\u00f3n period\u00edstica.<\/strong><\/p>\n<p>Foto de portada: AFP &#8211; Fuente El Gr\u00e1fico<\/p>\n<\/div>\n<\/div>\n<\/div>\n<\/div>\n<\/div>\n","protected":false},"excerpt":{"rendered":"<p>Florentino P\u00e9rez tiene una gran relaci\u00f3n con el futbolista y ser\u00e1 el encargado de llevar adelante las negociaciones con el entorno del futbolista. &nbsp; 16 de febrero de 2024 pretender\u00eda unos 50 millones de euros brutos\u00a0por temporada en el caso de acordar su llegada al Real Madrid, seg\u00fan hicieron trascender desde el entorno del futbolista, &hellip;<\/p>\n","protected":false},"author":2,"featured_media":5833,"comment_status":"open","ping_status":"open","sticky":false,"template":"","format":"standard","meta":{"footnotes":""},"categories":[6],"tags":[],"class_list":["post-5831","post","type-post","status-publish","format-standard","has-post-thumbnail","hentry","category-internacionales"],"_links":{"self":[{"href":"https:\/\/www.sportchaco.com.ar\/index.php?rest_route=\/wp\/v2\/posts\/5831","targetHints":{"allow":["GET"]}}],"collection":[{"href":"https:\/\/www.sportchaco.com.ar\/index.php?rest_route=\/wp\/v2\/posts"}],"about":[{"href":"https:\/\/www.sportchaco.com.ar\/index.php?rest_route=\/wp\/v2\/types\/post"}],"author":[{"embeddable":true,"href":"https:\/\/www.sportchaco.com.ar\/index.php?rest_route=\/wp\/v2\/users\/2"}],"replies":[{"embeddable":true,"href":"https:\/\/www.sportchaco.com.ar\/index.php?rest_route=%2Fwp%2Fv2%2Fcomments&post=5831"}],"version-history":[{"count":1,"href":"https:\/\/www.sportchaco.com.ar\/index.php?rest_route=\/wp\/v2\/posts\/5831\/revisions"}],"predecessor-version":[{"id":5834,"href":"https:\/\/www.sportchaco.com.ar\/index.php?rest_route=\/wp\/v2\/posts\/5831\/revisions\/5834"}],"wp:featuredmedia":[{"embeddable":true,"href":"https:\/\/www.sportchaco.com.ar\/index.php?rest_route=\/wp\/v2\/media\/5833"}],"wp:attachment":[{"href":"https:\/\/www.sportchaco.com.ar\/index.php?rest_route=%2Fwp%2Fv2%2Fmedia&parent=5831"}],"wp:term":[{"taxonomy":"category","embeddable":true,"href":"https:\/\/www.sportchaco.com.ar\/index.php?rest_route=%2Fwp%2Fv2%2Fcategories&post=5831"},{"taxonomy":"post_tag","embeddable":true,"href":"https:\/\/www.sportchaco.com.ar\/index.php?rest_route=%2Fwp%2Fv2%2Ftags&post=5831"}],"curies":[{"name":"wp","href":"https:\/\/api.w.org\/{rel}","templated":true}]}}