{"id":5838,"date":"2024-02-16T10:36:18","date_gmt":"2024-02-16T13:36:18","guid":{"rendered":"https:\/\/www.sportchaco.com.ar\/?p=5838"},"modified":"2024-02-16T10:36:18","modified_gmt":"2024-02-16T13:36:18","slug":"basquet-con-una-inclusion-responsable-san-fernando-propone-masificar-la-cantidad-de-chicos-en-sus-categorias-para-este-2024","status":"publish","type":"post","link":"https:\/\/www.sportchaco.com.ar\/?p=5838","title":{"rendered":"B\u00e1squet: Con una inclusi\u00f3n responsable, San Fernando propone masificar la cantidad de chicos en sus categor\u00edas para este 2024"},"content":{"rendered":"<h1 class=\"story-title entry-title\"><\/h1>\n<div id=\"right-content\" class=\"relative\">\n<div id=\"content-area\" class=\"left relative\">\n<div id=\"feat-img-reg\" class=\"relative\"><\/div>\n<div id=\"left-content-mobi\">\n<div class=\"author-info-mob-wrap\"><\/div>\n<\/div>\n<div id=\"tps_slideContainer_21582\" class=\"theiaPostSlider_slides\">\n<div>\n<p><strong>San Fernando se encuentra en un pleno y permanente crecimiento y desarrollo en sus disciplinas, con obras de infraestructura que le dan jerarqu\u00eda. Se busca darle un espacio con toda la atenci\u00f3n y comodidades a las personas con discapacidad. Manuel \u201cPitu\u201d Abarca y Alejando \u201cPombe\u201d Acosta los responsables de conducir los destinos de este deporte en el \u201cSanto\u201d.<\/strong><\/p>\n<p>&nbsp;<\/p>\n<p>El b\u00e1squet del club atl\u00e9tico San Fernando vuelve a decir presente en este 2024, teniendo en los entrenadores Manuel \u201cPitu\u201d Abarca y Alejandro \u201cPombe\u201d Acosta como los responsables de conducir los destinos de este deporte dentro de una instituci\u00f3n presidida por Miguel \u00c1ngel \u201cChito\u201d Sol\u00eds quien junto al resto de la comisi\u00f3n directiva trabajando para que el club presente m\u00faltiples comodidades y como si fuera poco, actualmente se encuentra con m\u00e1s obras en estado avanzado y muy poco se las podr\u00e1 disfrutar.<\/p>\n<p>En este marco, el entrenador Abarca celebr\u00f3 volver arrancar este a\u00f1o en el \u201cSanto\u201d, con mucho trabajo y nuevos desaf\u00edos. \u201cLas expectativas son como siempre masificar el b\u00e1squet en San Fernando, donde en el minib\u00e1squet la idea es captar ni\u00f1os y ni\u00f1as entre los 4 y 12 a\u00f1os para que se acerquen al club y ser una familia m\u00e1s grande\u201d.<\/p>\n<figure class=\"wp-block-image size-large\"><a href=\"https:\/\/baskettotal.com.ar\/wp-content\/uploads\/2024\/02\/5.jpg\"><img loading=\"lazy\" decoding=\"async\" class=\"lazy wp-image-21583 lazy-loaded\" src=\"https:\/\/baskettotal.com.ar\/wp-content\/uploads\/2024\/02\/5-1024x760.jpg\" sizes=\"auto, (max-width: 1024px) 100vw, 1024px\" srcset=\"https:\/\/baskettotal.com.ar\/wp-content\/uploads\/2024\/02\/5-1024x760.jpg 1024w, https:\/\/baskettotal.com.ar\/wp-content\/uploads\/2024\/02\/5-300x223.jpg 300w, https:\/\/baskettotal.com.ar\/wp-content\/uploads\/2024\/02\/5-768x570.jpg 768w, https:\/\/baskettotal.com.ar\/wp-content\/uploads\/2024\/02\/5.jpg 1040w\" alt=\"\" width=\"1024\" height=\"760\" data-lazy-type=\"image\" data-lazy-src=\"https:\/\/baskettotal.com.ar\/wp-content\/uploads\/2024\/02\/5-1024x760.jpg\" data-lazy-srcset=\"https:\/\/baskettotal.com.ar\/wp-content\/uploads\/2024\/02\/5-1024x760.jpg 1024w, https:\/\/baskettotal.com.ar\/wp-content\/uploads\/2024\/02\/5-300x223.jpg 300w, https:\/\/baskettotal.com.ar\/wp-content\/uploads\/2024\/02\/5-768x570.jpg 768w, https:\/\/baskettotal.com.ar\/wp-content\/uploads\/2024\/02\/5.jpg 1040w\" data-lazy-sizes=\"(max-width: 1024px) 100vw, 1024px\" \/><\/a><\/figure>\n<p>\u201cEn tanto que en las categor\u00edas formativas ir llenando los espacios libres, en el U13 estamos en formaci\u00f3n, en el U15 varios chicos van a ser albergados y que si bien no van a tener una competencia oficial lo haremos de manera amistosa con los clubes en la mismas condiciones que nosotros, en U17 y U21 estamos trabajando para completar estas categor\u00edas y en U15 y Primera tambi\u00e9n trabajando a full con Alejandro Acosta\u201d, repas\u00f3 Abarca.<\/p>\n<p>&nbsp;<\/p>\n<p><strong>LOS RESULTADOS<br \/>\n<\/strong>Uno de los puntos que muchas veces es un tema de discusi\u00f3n o intercambio de ideas tiene que ver con los resultados en algunos clubes m\u00e1s que nada. En este punto, \u201cPitu\u201d fue muy claro al expresar que \u201cnosotros en este momento no podemos hablar de resultados num\u00e9ricos o competitivos, donde un resultado para nosotros es completar con chicos en las categor\u00edas que nos est\u00e1n faltando, para luego lograr armar equipos y eso ser\u00eda una victoria para nosotros, adem\u00e1s de ir inculcando valores, intensidad, compromiso y que de a poco vayan entendiendo lo que es la competencia\u201d.<\/p>\n<figure class=\"wp-block-image size-large\"><a href=\"https:\/\/baskettotal.com.ar\/wp-content\/uploads\/2024\/02\/1-1.jpg\"><img loading=\"lazy\" decoding=\"async\" class=\"lazy wp-image-21584 lazy-loaded\" src=\"https:\/\/baskettotal.com.ar\/wp-content\/uploads\/2024\/02\/1-1-1024x633.jpg\" sizes=\"auto, (max-width: 1024px) 100vw, 1024px\" srcset=\"https:\/\/baskettotal.com.ar\/wp-content\/uploads\/2024\/02\/1-1-1024x633.jpg 1024w, https:\/\/baskettotal.com.ar\/wp-content\/uploads\/2024\/02\/1-1-300x185.jpg 300w, https:\/\/baskettotal.com.ar\/wp-content\/uploads\/2024\/02\/1-1-768x475.jpg 768w, https:\/\/baskettotal.com.ar\/wp-content\/uploads\/2024\/02\/1-1-95x60.jpg 95w, https:\/\/baskettotal.com.ar\/wp-content\/uploads\/2024\/02\/1-1.jpg 1040w\" alt=\"\" width=\"1024\" height=\"633\" data-lazy-type=\"image\" data-lazy-src=\"https:\/\/baskettotal.com.ar\/wp-content\/uploads\/2024\/02\/1-1-1024x633.jpg\" data-lazy-srcset=\"https:\/\/baskettotal.com.ar\/wp-content\/uploads\/2024\/02\/1-1-1024x633.jpg 1024w, https:\/\/baskettotal.com.ar\/wp-content\/uploads\/2024\/02\/1-1-300x185.jpg 300w, https:\/\/baskettotal.com.ar\/wp-content\/uploads\/2024\/02\/1-1-768x475.jpg 768w, https:\/\/baskettotal.com.ar\/wp-content\/uploads\/2024\/02\/1-1-95x60.jpg 95w, https:\/\/baskettotal.com.ar\/wp-content\/uploads\/2024\/02\/1-1.jpg 1040w\" data-lazy-sizes=\"(max-width: 1024px) 100vw, 1024px\" \/><\/a><\/figure>\n<p><strong>LOS OBJETIVOS<\/strong><\/p>\n<p>Finalmente, Manuel \u201cPitu\u201d Abarca tambi\u00e9n fue contundente al establecer o fijar los objetivos de San Fernando para este a\u00f1o. \u201cLa idea es tratar de masificar la cantidad de chicos, adem\u00e1s de que creo que el club tiene que cubrir algunas necesidades sociales que no todos los clubes pueden cubrir, como lo es la atenci\u00f3n para las personas con discapacidad (autismo, TDH), fortalecer el trabajo de manera inclusiva y responsable\u201d, remarcando a su vez que \u201cno solamente querer hacer b\u00e1squet, sino lograr satisfacer las necesidades y brindar una opci\u00f3n m\u00e1s para satisfacer esa demanda que la sociedad necesita con una inclusi\u00f3n responsable\u201d, concluyendo, \u201ctambi\u00e9n tenemos otro proyecto s\u00f3lido para traer preparadores f\u00edsicos, entrenadores y dirigentes del plano nacional e internacional con una convocatoria abierta para todos en San Fernando\u201d.<\/p>\n<figure class=\"wp-block-image size-large\"><a href=\"https:\/\/baskettotal.com.ar\/wp-content\/uploads\/2024\/02\/4-1.jpg\"><img loading=\"lazy\" decoding=\"async\" class=\"lazy wp-image-21585 lazy-loaded\" src=\"https:\/\/baskettotal.com.ar\/wp-content\/uploads\/2024\/02\/4-1-1024x739.jpg\" sizes=\"auto, (max-width: 1024px) 100vw, 1024px\" srcset=\"https:\/\/baskettotal.com.ar\/wp-content\/uploads\/2024\/02\/4-1-1024x739.jpg 1024w, https:\/\/baskettotal.com.ar\/wp-content\/uploads\/2024\/02\/4-1-300x217.jpg 300w, https:\/\/baskettotal.com.ar\/wp-content\/uploads\/2024\/02\/4-1-768x555.jpg 768w, https:\/\/baskettotal.com.ar\/wp-content\/uploads\/2024\/02\/4-1.jpg 1040w\" alt=\"\" width=\"1024\" height=\"739\" data-lazy-type=\"image\" data-lazy-src=\"https:\/\/baskettotal.com.ar\/wp-content\/uploads\/2024\/02\/4-1-1024x739.jpg\" data-lazy-srcset=\"https:\/\/baskettotal.com.ar\/wp-content\/uploads\/2024\/02\/4-1-1024x739.jpg 1024w, https:\/\/baskettotal.com.ar\/wp-content\/uploads\/2024\/02\/4-1-300x217.jpg 300w, https:\/\/baskettotal.com.ar\/wp-content\/uploads\/2024\/02\/4-1-768x555.jpg 768w, https:\/\/baskettotal.com.ar\/wp-content\/uploads\/2024\/02\/4-1.jpg 1040w\" data-lazy-sizes=\"(max-width: 1024px) 100vw, 1024px\" \/><\/a><\/figure>\n<p>Fuente (Por Santiago Waissmann\/ Basket Total)<\/p>\n<\/div>\n<\/div>\n<\/div>\n<\/div>\n","protected":false},"excerpt":{"rendered":"<p>San Fernando se encuentra en un pleno y permanente crecimiento y desarrollo en sus disciplinas, con obras de infraestructura que le dan jerarqu\u00eda. Se busca darle un espacio con toda la atenci\u00f3n y comodidades a las personas con discapacidad. Manuel \u201cPitu\u201d Abarca y Alejando \u201cPombe\u201d Acosta los responsables de conducir los destinos de este deporte &hellip;<\/p>\n","protected":false},"author":2,"featured_media":5839,"comment_status":"open","ping_status":"open","sticky":false,"template":"","format":"standard","meta":{"footnotes":""},"categories":[3],"tags":[],"class_list":["post-5838","post","type-post","status-publish","format-standard","has-post-thumbnail","hentry","category-basquetbol"],"_links":{"self":[{"href":"https:\/\/www.sportchaco.com.ar\/index.php?rest_route=\/wp\/v2\/posts\/5838","targetHints":{"allow":["GET"]}}],"collection":[{"href":"https:\/\/www.sportchaco.com.ar\/index.php?rest_route=\/wp\/v2\/posts"}],"about":[{"href":"https:\/\/www.sportchaco.com.ar\/index.php?rest_route=\/wp\/v2\/types\/post"}],"author":[{"embeddable":true,"href":"https:\/\/www.sportchaco.com.ar\/index.php?rest_route=\/wp\/v2\/users\/2"}],"replies":[{"embeddable":true,"href":"https:\/\/www.sportchaco.com.ar\/index.php?rest_route=%2Fwp%2Fv2%2Fcomments&post=5838"}],"version-history":[{"count":1,"href":"https:\/\/www.sportchaco.com.ar\/index.php?rest_route=\/wp\/v2\/posts\/5838\/revisions"}],"predecessor-version":[{"id":5840,"href":"https:\/\/www.sportchaco.com.ar\/index.php?rest_route=\/wp\/v2\/posts\/5838\/revisions\/5840"}],"wp:featuredmedia":[{"embeddable":true,"href":"https:\/\/www.sportchaco.com.ar\/index.php?rest_route=\/wp\/v2\/media\/5839"}],"wp:attachment":[{"href":"https:\/\/www.sportchaco.com.ar\/index.php?rest_route=%2Fwp%2Fv2%2Fmedia&parent=5838"}],"wp:term":[{"taxonomy":"category","embeddable":true,"href":"https:\/\/www.sportchaco.com.ar\/index.php?rest_route=%2Fwp%2Fv2%2Fcategories&post=5838"},{"taxonomy":"post_tag","embeddable":true,"href":"https:\/\/www.sportchaco.com.ar\/index.php?rest_route=%2Fwp%2Fv2%2Ftags&post=5838"}],"curies":[{"name":"wp","href":"https:\/\/api.w.org\/{rel}","templated":true}]}}