{"id":5841,"date":"2024-02-16T10:41:17","date_gmt":"2024-02-16T13:41:17","guid":{"rendered":"https:\/\/www.sportchaco.com.ar\/?p=5841"},"modified":"2024-02-16T10:41:17","modified_gmt":"2024-02-16T13:41:17","slug":"dibu-martinez-quiere-estar-en-los-jj-oo","status":"publish","type":"post","link":"https:\/\/www.sportchaco.com.ar\/?p=5841","title":{"rendered":"Dibu Mart\u00ednez quiere estar en los JJ.OO."},"content":{"rendered":"<section class=\"principal\">\n<div class=\"fullpost__encabezado \">\n<h1 class=\"fullpost__titulo\"><\/h1>\n<p class=\"fullpost__copete\"><strong>Emiliano \u00abDibu\u00bb Mart\u00ednez, de 31 a\u00f1os, podr\u00eda ser uno de los tres mayores de 23 que acompa\u00f1en al seleccionado a la cita ol\u00edmpica seg\u00fan lo permitido.<\/strong><\/p>\n<\/div>\n<div id=\"publi-142\" class=\"publi  C2\" data-publicidad=\"142\" data-nombre=\"html-5\" data-tipo=\"html\"><\/div>\n<\/section>\n<section class=\"extra1\">\n<div class=\"fullpost__main   \">\n<div class=\"fullpost__cuerpo\">\n<p>Emiliano \u00abDibu\u00bb Mart\u00ednez, campe\u00f3n del mundo y mejor arquero en Qatar 2022, asegur\u00f3 que despu\u00e9s de su logro en el \u00faltimo Mundial, la Copa Am\u00e9rica y la Final\u00edssima le faltar\u00eda \u00abganar los Juegos Ol\u00edmpicos\u00bb con el seleccionado argentino.<\/p>\n<p>&nbsp;<\/p>\n<p>Argentina se clasific\u00f3 a los Juegos de Par\u00eds 2024 luego de su victoria ante Brasil por 1-0 en la \u00faltima fecha del Preol\u00edmpico en Venezuela. \u00abMir\u00e9 la final (del Preol\u00edmpico), me gust\u00f3 el equipo. Si hay algo que me falta en la Selecci\u00f3n es ganar los Juegos Ol\u00edmpicos\u00bb, coment\u00f3 el &#8216; Dibu&#8217; Mart\u00ednez en di\u00e1logo con DSports.<\/p>\n<p>El arquero del Aston Villa ingl\u00e9s, de 31 a\u00f1os, podr\u00eda ser uno de los tres mayores de 23 que acompa\u00f1en al seleccionado a la cita ol\u00edmpica seg\u00fan lo permitido.<\/p>\n<p>El primer nombre que apareci\u00f3 inmediatamente despu\u00e9s de que el equipo dirigido por Javier Mascherano se clasificara fue el de\u00a0Lionel Messi, quien ya fue campe\u00f3n ol\u00edmpico en Beijing 2008. Tambi\u00e9n son\u00f3\u00a0\u00c1ngel Di Mar\u00eda, pero \u00abFideo\u00bb se baj\u00f3 al afirmar que la Copa Am\u00e9rica de este a\u00f1o ser\u00e1 su despedida de la Selecci\u00f3n.<\/p>\n<div class=\"medios-widget post\"><\/div>\n<p>Ahora, otro referente de la \u00abScaloneta\u00bb se candidate\u00f3 para Par\u00eds 2024, aunque aclar\u00f3 que hay que darles cancha a los futbolistas que lograron la clasificaci\u00f3n. \u00abLos j\u00f3venes siempre necesitan la chance y si a nosotros nos va bien en la Copa Am\u00e9rica y la ganamos, hay que dejarles lugar a los chicos. Si ellos est\u00e1n en un buen momento, no hay por qu\u00e9 cambiar\u00bb, declar\u00f3 Mart\u00ednez.<\/p>\n<p>El arquero marplatense opin\u00f3 sobre\u00a0Leandro Brey, quien tuvo un par de atajadas clave en el duelo ante Brasil: \u00abEs muy dif\u00edcil seguir a los j\u00f3venes por los horarios. Pero hoy en d\u00eda el nivel est\u00e1 muy bien, la vara est\u00e1 cada vez m\u00e1s alta. Con los arqueros no tenemos problemas\u00bb.<\/p>\n<p>&nbsp;<\/p>\n<p>Por otra parte, \u00b4Dibu&#8217; Mart\u00ednez habl\u00f3 sobre el pr\u00f3ximo torneo importante para la Selecci\u00f3n, la Copa Am\u00e9rica 2024, que se jugar\u00e1 en los Estados Unidos entre el 20 de junio y el 14 de julio de este a\u00f1o. \u00abLa Copa Am\u00e9rica es mi meta. Es una edici\u00f3n diferente, se juega en Estados Unidos y va a ser un mini Mundial. Pero despu\u00e9s, que pase lo que tenga que pasar\u00bb, apunt\u00f3.<\/p>\n<p>Adem\u00e1s, el arquero del Aston Villa concluy\u00f3 que \u00e9l quiere seguir ganando cosas con Argentina. \u00abEs muy f\u00e1cil decir &#8216;ya gan\u00e9 todo&#8217;. Yo me sigo proponiendo objetivos. Quiero llegar a 100 partidos con la Selecci\u00f3n, con la mayor valla invicta de la historia. Pienso que lo puedo lograr. Soy un enfermo en conseguir esos objetivos. Es yo contra yo, todos los a\u00f1os. Me quiero superar a mi mismo\u00bb, explic\u00f3.\u00a0<a href=\"https:\/\/cablera.telam.com.ar\/cable\/deportes\/1501211\/si-hay-algo-que-me-falta-en-la-seleccion-es-ganar-los-juegos-olimpicos-dijo-el-dibu-martinez\" target=\"_blank\" rel=\"noopener\">(T\u00e9lam)<\/a><\/p>\n<\/div>\n<\/div>\n<\/section>\n","protected":false},"excerpt":{"rendered":"<p>Emiliano \u00abDibu\u00bb Mart\u00ednez, de 31 a\u00f1os, podr\u00eda ser uno de los tres mayores de 23 que acompa\u00f1en al seleccionado a la cita ol\u00edmpica seg\u00fan lo permitido. Emiliano \u00abDibu\u00bb Mart\u00ednez, campe\u00f3n del mundo y mejor arquero en Qatar 2022, asegur\u00f3 que despu\u00e9s de su logro en el \u00faltimo Mundial, la Copa Am\u00e9rica y la Final\u00edssima le &hellip;<\/p>\n","protected":false},"author":2,"featured_media":5842,"comment_status":"open","ping_status":"open","sticky":false,"template":"","format":"standard","meta":{"footnotes":""},"categories":[5],"tags":[],"class_list":["post-5841","post","type-post","status-publish","format-standard","has-post-thumbnail","hentry","category-futbol"],"_links":{"self":[{"href":"https:\/\/www.sportchaco.com.ar\/index.php?rest_route=\/wp\/v2\/posts\/5841","targetHints":{"allow":["GET"]}}],"collection":[{"href":"https:\/\/www.sportchaco.com.ar\/index.php?rest_route=\/wp\/v2\/posts"}],"about":[{"href":"https:\/\/www.sportchaco.com.ar\/index.php?rest_route=\/wp\/v2\/types\/post"}],"author":[{"embeddable":true,"href":"https:\/\/www.sportchaco.com.ar\/index.php?rest_route=\/wp\/v2\/users\/2"}],"replies":[{"embeddable":true,"href":"https:\/\/www.sportchaco.com.ar\/index.php?rest_route=%2Fwp%2Fv2%2Fcomments&post=5841"}],"version-history":[{"count":1,"href":"https:\/\/www.sportchaco.com.ar\/index.php?rest_route=\/wp\/v2\/posts\/5841\/revisions"}],"predecessor-version":[{"id":5843,"href":"https:\/\/www.sportchaco.com.ar\/index.php?rest_route=\/wp\/v2\/posts\/5841\/revisions\/5843"}],"wp:featuredmedia":[{"embeddable":true,"href":"https:\/\/www.sportchaco.com.ar\/index.php?rest_route=\/wp\/v2\/media\/5842"}],"wp:attachment":[{"href":"https:\/\/www.sportchaco.com.ar\/index.php?rest_route=%2Fwp%2Fv2%2Fmedia&parent=5841"}],"wp:term":[{"taxonomy":"category","embeddable":true,"href":"https:\/\/www.sportchaco.com.ar\/index.php?rest_route=%2Fwp%2Fv2%2Fcategories&post=5841"},{"taxonomy":"post_tag","embeddable":true,"href":"https:\/\/www.sportchaco.com.ar\/index.php?rest_route=%2Fwp%2Fv2%2Ftags&post=5841"}],"curies":[{"name":"wp","href":"https:\/\/api.w.org\/{rel}","templated":true}]}}