{"id":5845,"date":"2024-02-16T10:47:08","date_gmt":"2024-02-16T13:47:08","guid":{"rendered":"https:\/\/www.sportchaco.com.ar\/?p=5845"},"modified":"2024-02-16T10:47:08","modified_gmt":"2024-02-16T13:47:08","slug":"la-fifa-se-declaro-incompetente-en-el-caso-villa","status":"publish","type":"post","link":"https:\/\/www.sportchaco.com.ar\/?p=5845","title":{"rendered":"La FIFA se declar\u00f3 incompetente en el caso \u00abVilla\u00bb"},"content":{"rendered":"<h1>El presidente del Beroe se burl\u00f3 de Boca por la decisi\u00f3n de FIFA sobre Sebasti\u00e1n Villa: \u00abHermosa ma\u00f1ana, \u00bfverdad?\u00bb<\/h1>\n<p class=\"description\">La m\u00e1xima autoridad del club b\u00falgaro, el argentino Hern\u00e1n Ba\u00f1ato, public\u00f3 historias v\u00eda Instagram para cargar al Xeneize tras la determinaci\u00f3n final de la FIFA declar\u00e1ndose \u00abincompetente\u00bb sobre el delantero colombiano.<\/p>\n<div class=\"article-info\">\n<div class=\"article-info-left\">\n<div class=\"article-autor-info\">\n<div class=\"article-autor-name\"><\/div>\n<\/div>\n<\/div>\n<\/div>\n<figure class=\"rat16x9\"><img decoding=\"async\" title=\"Sebasti\u00e1n Villa y Hern\u00e1n Ba\u00f1ato\" src=\"https:\/\/media.tycsports.com\/files\/2024\/02\/15\/677944\/sebastian-villa-y-hernan-banato_416x234.webp\" srcset=\"https:\/\/media.tycsports.com\/files\/2024\/02\/15\/677944\/sebastian-villa-y-hernan-banato_416x234.webp 480w ,https:\/\/media.tycsports.com\/files\/2024\/02\/15\/677944\/sebastian-villa-y-hernan-banato_862x485.webp 1080w \" alt=\"Sebasti\u00e1n Villa y Hern\u00e1n Ba\u00f1ato\" \/><\/figure>\n<p class=\"capital\"><span style=\"color: #000000;\">Luego de que<a style=\"color: #000000;\" href=\"https:\/\/www.tycsports.com\/boca-juniors\/fifa-duro-reves-caso-sebastian-villa-boca-justicia-id564749.html\" target=\"_blank\" rel=\"noopener\">\u00a0la FIFA se declarara \u00abincompetente\u00bb en el caso de Sebasti\u00e1n Villa<\/a>, denunciado por Boca despu\u00e9s de declararse en libertad de acci\u00f3n de forma unilateral, el presidente y empresario argentino del\u00a0Beroe Stara Zagora,\u00a0Hern\u00e1n Ba\u00f1ato, se burl\u00f3 de la instituci\u00f3n azul y oro a trav\u00e9s de redes sociales<\/span><b>.\u00a0<\/b><\/p>\n<div class=\"watchto-wrap\">\n<div class=\"watchto\">\n<div class=\"watchto-text\"><\/div>\n<div class=\"watchto-btn-view\"><\/div>\n<\/div>\n<\/div>\n<p><i>\u00abHermosa ma\u00f1ana, \u00bfverdad?\u00bb\u00a0<\/i>,\u00a0el m\u00edtico meme del actor\u00a0Guillermo Francella\u00a0fue utilizado por la m\u00e1xima autoridad del Beroe, club b\u00falgaro por el que firm\u00f3 Villa tras su paso por Brandsen 805 pese a tener contrato hasta diciembre de 2024, para burlarse del Xeneize\u00a0al enterarse este jueves de la decisi\u00f3n de la casa madre del f\u00fatbol mundial sobre la causa judicial del colombiano.<\/p>\n<p>La instituci\u00f3n liderada por Gianni Infantino\u00a0argument\u00f3 que su caso debe se tratado en la Justicia laboral de Argentina, en la que la demanda del cuadro de la Ribera se encuentra en una primera instancia. De todos modos, la CD de Juan Rom\u00e1n Riquelme\u00a0podr\u00eda apelar al Tribunal Arbitral del Deporte, popularmente conocido como TAS, el \u00faltimo eslab\u00f3n de un reclamo de este estilo.\u00a0Aunque todav\u00eda no se sabe si Boca finalmente decidir\u00e1 llevar sus papeles a Lausana, Suiza.<\/p>\n<p>En este contexto, el empresario argentino\u00a0us\u00f3 su cuenta oficial de Instagram para festejar el fallo de FIFA y compartir el famoso meme de Francella cargando al conjunto presidido por\u00a0Juan Rom\u00e1n Riquelme.\u00a0Una clara victoria para su club en donde podr\u00eda, finalmente, tener minutos el delantero sudamericano. Sin embargo, no iba a ser la \u00fanica referencia a dicha situaci\u00f3n.<\/p>\n<figure class=\"w-100\"><\/figure>\n<h2>\u00abLos buenos tiempos vendr\u00e1n\u00bb: el mensaje de Ba\u00f1ato a Villa<\/h2>\n<p>Tras burlarse en primer lugar de Boca,\u00a0Hern\u00e1n Ba\u00f1ato subi\u00f3 otra historia, que en realidad la subi\u00f3 el colombiano y el la reposte\u00f3, donde se lo ve a Sebasti\u00e1n Villa tomando un mate con la ubicaci\u00f3n de Bulgaria y un peque\u00f1o texto que dice:\u00a0<i>\u00ab<b>Good times will come\u00bb<\/b>\u00a0<\/i>que en espa\u00f1ol significa<i><b>\u00a0\u00ablos buenos tiempos vendr\u00e1n\u00bb<\/b><\/i>.<\/p>\n<figure class=\"w-100\"><img decoding=\"async\" title=\"Sebasti\u00e1n Villa y Hern\u00e1n Ba\u00f1ato\" src=\"https:\/\/media.tycsports.com\/files\/2024\/02\/15\/677945\/sebastian-villa-y-hernan-banato_w416.webp\" srcset=\"https:\/\/media.tycsports.com\/files\/2024\/02\/15\/677945\/sebastian-villa-y-hernan-banato_w416.webp 480w, https:\/\/media.tycsports.com\/files\/2024\/02\/15\/677945\/sebastian-villa-y-hernan-banato_w862.webp 1080w\" alt=\"Sebasti\u00e1n Villa y Hern\u00e1n Ba\u00f1ato\" data-src=\"https:\/\/media.tycsports.com\/files\/2024\/02\/15\/677945\/sebastian-villa-y-hernan-banato_w416.webp\" data-srcset=\"https:\/\/media.tycsports.com\/files\/2024\/02\/15\/677945\/sebastian-villa-y-hernan-banato_w416.webp 480w, https:\/\/media.tycsports.com\/files\/2024\/02\/15\/677945\/sebastian-villa-y-hernan-banato_w862.webp 1080w\" \/><\/figure>\n<div class=\"watchto-wrap\">\n<div class=\"watchto\">\n<div class=\"watchto-text\">\n<p>Fuente TyC Sports<\/p>\n<\/div>\n<\/div>\n<\/div>\n","protected":false},"excerpt":{"rendered":"<p>El presidente del Beroe se burl\u00f3 de Boca por la decisi\u00f3n de FIFA sobre Sebasti\u00e1n Villa: \u00abHermosa ma\u00f1ana, \u00bfverdad?\u00bb La m\u00e1xima autoridad del club b\u00falgaro, el argentino Hern\u00e1n Ba\u00f1ato, public\u00f3 historias v\u00eda Instagram para cargar al Xeneize tras la determinaci\u00f3n final de la FIFA declar\u00e1ndose \u00abincompetente\u00bb sobre el delantero colombiano. Luego de que\u00a0la FIFA se &hellip;<\/p>\n","protected":false},"author":2,"featured_media":5846,"comment_status":"open","ping_status":"open","sticky":false,"template":"","format":"standard","meta":{"footnotes":""},"categories":[5],"tags":[],"class_list":["post-5845","post","type-post","status-publish","format-standard","has-post-thumbnail","hentry","category-futbol"],"_links":{"self":[{"href":"https:\/\/www.sportchaco.com.ar\/index.php?rest_route=\/wp\/v2\/posts\/5845","targetHints":{"allow":["GET"]}}],"collection":[{"href":"https:\/\/www.sportchaco.com.ar\/index.php?rest_route=\/wp\/v2\/posts"}],"about":[{"href":"https:\/\/www.sportchaco.com.ar\/index.php?rest_route=\/wp\/v2\/types\/post"}],"author":[{"embeddable":true,"href":"https:\/\/www.sportchaco.com.ar\/index.php?rest_route=\/wp\/v2\/users\/2"}],"replies":[{"embeddable":true,"href":"https:\/\/www.sportchaco.com.ar\/index.php?rest_route=%2Fwp%2Fv2%2Fcomments&post=5845"}],"version-history":[{"count":1,"href":"https:\/\/www.sportchaco.com.ar\/index.php?rest_route=\/wp\/v2\/posts\/5845\/revisions"}],"predecessor-version":[{"id":5847,"href":"https:\/\/www.sportchaco.com.ar\/index.php?rest_route=\/wp\/v2\/posts\/5845\/revisions\/5847"}],"wp:featuredmedia":[{"embeddable":true,"href":"https:\/\/www.sportchaco.com.ar\/index.php?rest_route=\/wp\/v2\/media\/5846"}],"wp:attachment":[{"href":"https:\/\/www.sportchaco.com.ar\/index.php?rest_route=%2Fwp%2Fv2%2Fmedia&parent=5845"}],"wp:term":[{"taxonomy":"category","embeddable":true,"href":"https:\/\/www.sportchaco.com.ar\/index.php?rest_route=%2Fwp%2Fv2%2Fcategories&post=5845"},{"taxonomy":"post_tag","embeddable":true,"href":"https:\/\/www.sportchaco.com.ar\/index.php?rest_route=%2Fwp%2Fv2%2Ftags&post=5845"}],"curies":[{"name":"wp","href":"https:\/\/api.w.org\/{rel}","templated":true}]}}