{"id":5857,"date":"2024-02-17T00:12:22","date_gmt":"2024-02-17T03:12:22","guid":{"rendered":"https:\/\/www.sportchaco.com.ar\/?p=5857"},"modified":"2024-02-16T23:17:22","modified_gmt":"2024-02-17T02:17:22","slug":"efemerides-del-17-de-febrero","status":"publish","type":"post","link":"https:\/\/www.sportchaco.com.ar\/?p=5857","title":{"rendered":"Efem\u00e9rides del 17 de febrero"},"content":{"rendered":"<p><strong>Esta es la Efem\u00e9rides del Deporte en el Chaco de un 17 de febrero del periodista Luis Dar\u00edo Molodezky.<\/strong><\/p>\n<p>&nbsp;<\/p>\n<p><img loading=\"lazy\" decoding=\"async\" class=\"alignnone size-medium wp-image-5658\" src=\"https:\/\/www.sportchaco.com.ar\/wp-content\/uploads\/2024\/02\/Luis-Molodezky-210x300.jpg\" alt=\"\" width=\"210\" height=\"300\" srcset=\"https:\/\/www.sportchaco.com.ar\/wp-content\/uploads\/2024\/02\/Luis-Molodezky-210x300.jpg 210w, https:\/\/www.sportchaco.com.ar\/wp-content\/uploads\/2024\/02\/Luis-Molodezky.jpg 275w\" sizes=\"auto, (max-width: 210px) 100vw, 210px\" \/><strong>Luis Dar\u00edo Molodoezky<\/strong><\/p>\n<p>&nbsp;<\/p>\n<p><strong>1925 <\/strong>\/ Se funda la Asociaci\u00f3n Club Social Las Bre\u00f1as,<\/p>\n<p>donde se practican distintas actividades deportivas como<\/p>\n<p>b\u00e1squetbol, voleibol, tenis, taekwon-do, danzas espa\u00f1olas, gimnasia<\/p>\n<p>aer\u00f3bica, nataci\u00f3n. Para su intensa vida social tiene dos salones<\/p>\n<p>de fiestas con la infraestructura completa. Su estadio lleva por<\/p>\n<p>nombre \u00c1ngel P\u00e9rtile y sus colores son rojo y blanco.<\/p>\n<p>&nbsp;<\/p>\n<p><strong>1959 <\/strong>\/ Naci\u00f3 Jorge Antonio Ben\u00edtez, <em>Coca <\/em>para el<\/p>\n<p>f\u00fatbol. Zaguero central fuerte y expeditivo nacido de las inferiores<\/p>\n<p>de Chaco For Ever, permaneci\u00f3 durante a\u00f1os como capit\u00e1n y fue<\/p>\n<p>referente de las campa\u00f1as m\u00e1s importantes del club, en las d\u00e9cadas<\/p>\n<p>del \u201870 y \u201880.<\/p>\n<p>&nbsp;<\/p>\n<p><img loading=\"lazy\" decoding=\"async\" class=\"alignnone size-medium wp-image-5858\" src=\"https:\/\/www.sportchaco.com.ar\/wp-content\/uploads\/2024\/02\/Jorge-Benitez-FE-1984-300x189.jpg\" alt=\"\" width=\"300\" height=\"189\" srcset=\"https:\/\/www.sportchaco.com.ar\/wp-content\/uploads\/2024\/02\/Jorge-Benitez-FE-1984-300x189.jpg 300w, https:\/\/www.sportchaco.com.ar\/wp-content\/uploads\/2024\/02\/Jorge-Benitez-FE-1984-768x484.jpg 768w, https:\/\/www.sportchaco.com.ar\/wp-content\/uploads\/2024\/02\/Jorge-Benitez-FE-1984.jpg 843w\" sizes=\"auto, (max-width: 300px) 100vw, 300px\" \/><strong>Jorge \u00abCoca\u00bb Ben\u00edtez<\/strong><\/p>\n<p><strong>1979 <\/strong>\/ Huelga de \u00e1rbitros de la Liga Chaque\u00f1a de<\/p>\n<p>f\u00fatbol. El Colegio que los agrupa reclama una recomposici\u00f3n que<\/p>\n<p>va de 10 a 30 mil pesos viejos.<\/p>\n<p>&nbsp;<\/p>\n<p><strong>1980 <\/strong>\/ El nadador chaque\u00f1o Marcos Ca\u00f1ete, representante<\/p>\n<p>de Hind\u00fa Club, se consagra anticipadamente campe\u00f3n<\/p>\n<p>del torneo de Aguas Abiertas, al imponerse en la prueba entre el<\/p>\n<p>Club Yacar\u00e9 de Corrientes y el Puerto de Barranqueras.<\/p>\n<p><img loading=\"lazy\" decoding=\"async\" class=\"alignnone size-medium wp-image-5860\" src=\"https:\/\/www.sportchaco.com.ar\/wp-content\/uploads\/2024\/02\/Marcos-canete-cara-y-cuerpo-247x300.jpeg\" alt=\"\" width=\"247\" height=\"300\" srcset=\"https:\/\/www.sportchaco.com.ar\/wp-content\/uploads\/2024\/02\/Marcos-canete-cara-y-cuerpo-247x300.jpeg 247w, https:\/\/www.sportchaco.com.ar\/wp-content\/uploads\/2024\/02\/Marcos-canete-cara-y-cuerpo-842x1024.jpeg 842w, https:\/\/www.sportchaco.com.ar\/wp-content\/uploads\/2024\/02\/Marcos-canete-cara-y-cuerpo-768x934.jpeg 768w, https:\/\/www.sportchaco.com.ar\/wp-content\/uploads\/2024\/02\/Marcos-canete-cara-y-cuerpo-1262x1536.jpeg 1262w, https:\/\/www.sportchaco.com.ar\/wp-content\/uploads\/2024\/02\/Marcos-canete-cara-y-cuerpo.jpeg 1315w\" sizes=\"auto, (max-width: 247px) 100vw, 247px\" \/> <strong>Marcos Ca\u00f1ete<\/strong><\/p>\n","protected":false},"excerpt":{"rendered":"<p>Esta es la Efem\u00e9rides del Deporte en el Chaco de un 17 de febrero del periodista Luis Dar\u00edo Molodezky. &nbsp; Luis Dar\u00edo Molodoezky &nbsp; 1925 \/ Se funda la Asociaci\u00f3n Club Social Las Bre\u00f1as, donde se practican distintas actividades deportivas como b\u00e1squetbol, voleibol, tenis, taekwon-do, danzas espa\u00f1olas, gimnasia aer\u00f3bica, nataci\u00f3n. Para su intensa vida social &hellip;<\/p>\n","protected":false},"author":2,"featured_media":5859,"comment_status":"open","ping_status":"open","sticky":false,"template":"","format":"standard","meta":{"footnotes":""},"categories":[45,32],"tags":[],"class_list":["post-5857","post","type-post","status-publish","format-standard","has-post-thumbnail","hentry","category-efemerides-dia-por-dia","category-febrero"],"_links":{"self":[{"href":"https:\/\/www.sportchaco.com.ar\/index.php?rest_route=\/wp\/v2\/posts\/5857","targetHints":{"allow":["GET"]}}],"collection":[{"href":"https:\/\/www.sportchaco.com.ar\/index.php?rest_route=\/wp\/v2\/posts"}],"about":[{"href":"https:\/\/www.sportchaco.com.ar\/index.php?rest_route=\/wp\/v2\/types\/post"}],"author":[{"embeddable":true,"href":"https:\/\/www.sportchaco.com.ar\/index.php?rest_route=\/wp\/v2\/users\/2"}],"replies":[{"embeddable":true,"href":"https:\/\/www.sportchaco.com.ar\/index.php?rest_route=%2Fwp%2Fv2%2Fcomments&post=5857"}],"version-history":[{"count":1,"href":"https:\/\/www.sportchaco.com.ar\/index.php?rest_route=\/wp\/v2\/posts\/5857\/revisions"}],"predecessor-version":[{"id":5862,"href":"https:\/\/www.sportchaco.com.ar\/index.php?rest_route=\/wp\/v2\/posts\/5857\/revisions\/5862"}],"wp:featuredmedia":[{"embeddable":true,"href":"https:\/\/www.sportchaco.com.ar\/index.php?rest_route=\/wp\/v2\/media\/5859"}],"wp:attachment":[{"href":"https:\/\/www.sportchaco.com.ar\/index.php?rest_route=%2Fwp%2Fv2%2Fmedia&parent=5857"}],"wp:term":[{"taxonomy":"category","embeddable":true,"href":"https:\/\/www.sportchaco.com.ar\/index.php?rest_route=%2Fwp%2Fv2%2Fcategories&post=5857"},{"taxonomy":"post_tag","embeddable":true,"href":"https:\/\/www.sportchaco.com.ar\/index.php?rest_route=%2Fwp%2Fv2%2Ftags&post=5857"}],"curies":[{"name":"wp","href":"https:\/\/api.w.org\/{rel}","templated":true}]}}