{"id":5900,"date":"2024-02-18T14:04:12","date_gmt":"2024-02-18T17:04:12","guid":{"rendered":"https:\/\/www.sportchaco.com.ar\/?p=5900"},"modified":"2024-02-18T14:04:12","modified_gmt":"2024-02-18T17:04:12","slug":"con-caras-nuevas-y-objetivos-claros-for-ever-proyecta-un-2024-muy-ambicioso","status":"publish","type":"post","link":"https:\/\/www.sportchaco.com.ar\/?p=5900","title":{"rendered":"Con caras nuevas y objetivos claros, For Ever proyecta un 2024 muy ambicioso"},"content":{"rendered":"<p>En el marco del arranque de la temporada 2024 del b\u00e1squet del \u00c1rea Metropolitana, los distintos clubes se encuentran trabajando intensamente en todas sus categor\u00edas y For Ever no es la excepci\u00f3n y vuelve a decir presente, teniendo una gran propuesta inclusiva que arranca desde el minib\u00e1squet hasta la Primera inclusive. En este marco, una de las fichas que se sum\u00f3 para este a\u00f1o es la del entrenador Marcelo Cachi, quien se encuentra a cargo del U21 y de los Mayores, donde vale remarcar que la instituci\u00f3n de villa San Juan apuesta en gran manera este a\u00f1o.<\/p>\n<p>\u201cFor Ever es un club que hablamos de la formaci\u00f3n de los chicos y una Primera que por suerte sumamos varios jugadores, trataremos de ir mejorando y ser competitivos, donde tenemos muchas expectativas y con una idea de trabajo de sumar y tratar de darle un salto de calidad\u201d, fueron las primeras palabras del flamante entrenador que ya tiene experiencia en otros clubes, incluyendo en la Liga Federal.<\/p>\n<p>Con respecto a las incorporaciones o fichas que se sumaron a este nuevo proyecto de la Primera, hay que mencionar a Gonzalo \u00c1lvarez, Juan Pablo Borini, Rodrigo Villagran, Lucas Mart\u00ednez, Renzo N\u00f3bile, Federico Medina y Rodrigo Caliva. Vale aclarar que a\u00fan se esperan m\u00e1s fichas.<\/p>\n<p>En cuanto a todo el trabajo en el b\u00e1squet, desde minib\u00e1squet hasta Primera, Cachi fue muy claro al expresar que \u201cestamos trabajando muchas cosas b\u00e1sicas, responsabilidad, venir a entrenar, ser parte de un equipo, darle ese toque social y cultural; la apuesta deportiva competitiva no es alta\u201d, remarcando a su vez que \u201cvamos a tratar de establecer un grupo de trabajo, empezando con un preparador f\u00edsico en poco tiempo, teniendo siempre la idea de armar nuevamente las categor\u00edas del club\u201d.<\/p>\n<p>&nbsp;<\/p>\n<p><strong>CATEGOR\u00cdAS Y ENTRENADORES<br \/>\n<\/strong>El b\u00e1squet de For Ever est\u00e1 conformado y distribuido de la siguiente manera: MINIB\u00c1SQUET y U13 (Juan Pablo Borini y Luis Mierez); U15 y U17 (Jos\u00e9 Luis Medina), en tanto que U21 y PRIMERA (Marcelo Cachi).<\/p>\n<p><strong>INCLUSI\u00d3N Y DIVERSI\u00d3N<\/strong><\/p>\n<p>Por su parte, Jos\u00e9 Luis \u201cRana\u201d Medina, celebr\u00f3 todo lo acontecido en este comienzo de a\u00f1o, manifestando estar \u201ccon muchas ganas de seguir trabajando y aportando al club la experiencia y por supuesto ir mejorando\u201d, destacando a su vez \u201cla gran ayuda del presidente del club H\u00e9ctor G\u00f3mez y el resto de la dirigencia\u201d.<\/p>\n<p>En cuanto al trabajo que se implementa en las formativas, Medina afirm\u00f3 \u201cbuscar que los chicos sepan manejar las dos manos, saber correr la cancha y poder incluirnos en la Asociaci\u00f3n de B\u00e1squet de Resistencia (ABR)\u201d, continuando, \u201cesto es fundamental para nosotros, sin exigirle resultados y que los chicos vengan a disfrutar con sus amigos\u201d, anunciando a su vez que \u201ctambi\u00e9n tenemos proyectado poder viajar a otras ciudades y disfrutar de los encuentros\u201d.<\/p>\n<p>&nbsp;<\/p>\n","protected":false},"excerpt":{"rendered":"<p>En el marco del arranque de la temporada 2024 del b\u00e1squet del \u00c1rea Metropolitana, los distintos clubes se encuentran trabajando intensamente en todas sus categor\u00edas y For Ever no es la excepci\u00f3n y vuelve a decir presente, teniendo una gran propuesta inclusiva que arranca desde el minib\u00e1squet hasta la Primera inclusive. En este marco, una &hellip;<\/p>\n","protected":false},"author":3,"featured_media":5901,"comment_status":"open","ping_status":"open","sticky":false,"template":"","format":"standard","meta":{"footnotes":""},"categories":[3],"tags":[],"class_list":["post-5900","post","type-post","status-publish","format-standard","has-post-thumbnail","hentry","category-basquetbol"],"_links":{"self":[{"href":"https:\/\/www.sportchaco.com.ar\/index.php?rest_route=\/wp\/v2\/posts\/5900","targetHints":{"allow":["GET"]}}],"collection":[{"href":"https:\/\/www.sportchaco.com.ar\/index.php?rest_route=\/wp\/v2\/posts"}],"about":[{"href":"https:\/\/www.sportchaco.com.ar\/index.php?rest_route=\/wp\/v2\/types\/post"}],"author":[{"embeddable":true,"href":"https:\/\/www.sportchaco.com.ar\/index.php?rest_route=\/wp\/v2\/users\/3"}],"replies":[{"embeddable":true,"href":"https:\/\/www.sportchaco.com.ar\/index.php?rest_route=%2Fwp%2Fv2%2Fcomments&post=5900"}],"version-history":[{"count":1,"href":"https:\/\/www.sportchaco.com.ar\/index.php?rest_route=\/wp\/v2\/posts\/5900\/revisions"}],"predecessor-version":[{"id":5902,"href":"https:\/\/www.sportchaco.com.ar\/index.php?rest_route=\/wp\/v2\/posts\/5900\/revisions\/5902"}],"wp:featuredmedia":[{"embeddable":true,"href":"https:\/\/www.sportchaco.com.ar\/index.php?rest_route=\/wp\/v2\/media\/5901"}],"wp:attachment":[{"href":"https:\/\/www.sportchaco.com.ar\/index.php?rest_route=%2Fwp%2Fv2%2Fmedia&parent=5900"}],"wp:term":[{"taxonomy":"category","embeddable":true,"href":"https:\/\/www.sportchaco.com.ar\/index.php?rest_route=%2Fwp%2Fv2%2Fcategories&post=5900"},{"taxonomy":"post_tag","embeddable":true,"href":"https:\/\/www.sportchaco.com.ar\/index.php?rest_route=%2Fwp%2Fv2%2Ftags&post=5900"}],"curies":[{"name":"wp","href":"https:\/\/api.w.org\/{rel}","templated":true}]}}