{"id":5954,"date":"2024-02-20T00:01:33","date_gmt":"2024-02-20T03:01:33","guid":{"rendered":"https:\/\/www.sportchaco.com.ar\/?p=5954"},"modified":"2024-02-19T10:28:21","modified_gmt":"2024-02-19T13:28:21","slug":"5954","status":"publish","type":"post","link":"https:\/\/www.sportchaco.com.ar\/?p=5954","title":{"rendered":"Efem\u00e9rides del 20 de febrero"},"content":{"rendered":"<h4><strong>Esta es la Efem\u00e9rides del Deporte en el Chaco de un 20 de febrero del periodista Luis Dar\u00edo Molodezky.<\/strong><\/h4>\n<p>&nbsp;<\/p>\n<p><img loading=\"lazy\" decoding=\"async\" class=\"alignnone size-medium wp-image-5955\" src=\"https:\/\/www.sportchaco.com.ar\/wp-content\/uploads\/2024\/02\/Molodezky-Luis-300x199.jpg\" alt=\"\" width=\"300\" height=\"199\" srcset=\"https:\/\/www.sportchaco.com.ar\/wp-content\/uploads\/2024\/02\/Molodezky-Luis-300x199.jpg 300w, https:\/\/www.sportchaco.com.ar\/wp-content\/uploads\/2024\/02\/Molodezky-Luis-768x508.jpg 768w, https:\/\/www.sportchaco.com.ar\/wp-content\/uploads\/2024\/02\/Molodezky-Luis.jpg 772w\" sizes=\"auto, (max-width: 300px) 100vw, 300px\" \/><strong>Luis Dar\u00edo Molodezky<\/strong><\/p>\n<p><strong>1958 \/<\/strong> Nace en Villa Angela\u00a0Ra\u00fal Gerardo Bittel, promotor de Instituto del Deporte Chaque\u00f1o, donde fue su primer presidente. Jugador de ajedrez fue presidente de la Federaci\u00f3n Chaque\u00f1a durante muchos a\u00f1os y vicepresidente de la Confederaci\u00f3n Argentina en 1995 y 2014. Director del Campeonato Argentino x por Equipos Chapalmalal 1985, Arbitro Internacional, en los Mundiales Mendoza x Equipos 1985 (Organizaci\u00f3n), Campeonato Mundial Juvenil 1992 (Arbitro y Organizaci\u00f3n), Campeonato Mundial por Equipos Sub 26 en S\u00e1enz Pe\u00f1a 1997 (director), Organizador del Campeonato Mundial\u00a0de\u00a0V\u00f3ley Sub 19 en el 2015. Director\u00a0de\u00a0los Campeonatos Argentinos\u00a0de\u00a0Mayores 1995 y 1996. Presidente\u00a0de\u00a0las delegaciones argentinas a los Campeonatos Panamericanos Juveniles\u00a0de\u00a0Ajedrez en Brasil 1995,96 y 97.<\/p>\n<p><strong>1979 <\/strong>\/ Oscar \u00c1ngel Palavecino regres\u00f3 al pa\u00eds, para jugar en Instituto de C\u00f3rdoba, luego de pasar por For Ever, Independiente Rivadavia de Mendoza y Rosario Central en el f\u00fatbol argentino. Debut\u00f3 con el gol de la victoria en el inicio del torneo frente a Independiente, donde ganaron los cordobeses 2 a 1.<\/p>\n<p><strong>1980 \/<\/strong> Fallece Aldo Astori, en ejercicio de la presidencia del Club N\u00e1utico Barranqueras. Defensor del rio y la naturaleza. Fue un impulsor de las pescas nacionales del dorado en Paso de la Patria e Isla del Cerrito. Integrante del Club Los Bagres, una agrupaci\u00f3n que hizo culto de la amistad. De s\u00f3lida formaci\u00f3n conservacionista, pon\u00eda todo su empe\u00f1o para defender el r\u00edo y la naturaleza, transmitiendo los conocimientos a ni\u00f1os y familias.<\/p>\n<p><strong>1983 <\/strong>\/ Chaco For Ever logra clasificarse nuevamente para un torneo Nacional. En el cotejo decisivo vence a Guaran\u00ed por 3 a 1, luego de perder en la ida por 1 a 0. Los goles fueron marcados Jos\u00e9 N\u00e9stor Mart\u00ednez en dos oportunidades y Ram\u00f3n Barrientos. El equipo fue dirigido por Alfredo Obberti. La campa\u00f1a fue con Deportivo Uni\u00f3n 1 a 1 en S\u00e1enz Pe\u00f1a y 2-0 en Resistencia; frente a Alvear 1 a 0 de local y 4 a 0 de visitante; Cooperativista 4-2 de local y 1-1 de visitante; frente a Estrada de Formosa de visitante y 2-0 de local.<\/p>\n<p>&nbsp;<\/p>\n<p>&nbsp;<\/p>\n<h3>Foto de Aldo Astori<\/h3>\n","protected":false},"excerpt":{"rendered":"<p>Esta es la Efem\u00e9rides del Deporte en el Chaco de un 20 de febrero del periodista Luis Dar\u00edo Molodezky. &nbsp; Luis Dar\u00edo Molodezky 1958 \/ Nace en Villa Angela\u00a0Ra\u00fal Gerardo Bittel, promotor de Instituto del Deporte Chaque\u00f1o, donde fue su primer presidente. Jugador de ajedrez fue presidente de la Federaci\u00f3n Chaque\u00f1a durante muchos a\u00f1os y &hellip;<\/p>\n","protected":false},"author":2,"featured_media":5958,"comment_status":"open","ping_status":"open","sticky":false,"template":"","format":"standard","meta":{"footnotes":""},"categories":[45,32],"tags":[],"class_list":["post-5954","post","type-post","status-publish","format-standard","has-post-thumbnail","hentry","category-efemerides-dia-por-dia","category-febrero"],"_links":{"self":[{"href":"https:\/\/www.sportchaco.com.ar\/index.php?rest_route=\/wp\/v2\/posts\/5954","targetHints":{"allow":["GET"]}}],"collection":[{"href":"https:\/\/www.sportchaco.com.ar\/index.php?rest_route=\/wp\/v2\/posts"}],"about":[{"href":"https:\/\/www.sportchaco.com.ar\/index.php?rest_route=\/wp\/v2\/types\/post"}],"author":[{"embeddable":true,"href":"https:\/\/www.sportchaco.com.ar\/index.php?rest_route=\/wp\/v2\/users\/2"}],"replies":[{"embeddable":true,"href":"https:\/\/www.sportchaco.com.ar\/index.php?rest_route=%2Fwp%2Fv2%2Fcomments&post=5954"}],"version-history":[{"count":2,"href":"https:\/\/www.sportchaco.com.ar\/index.php?rest_route=\/wp\/v2\/posts\/5954\/revisions"}],"predecessor-version":[{"id":5960,"href":"https:\/\/www.sportchaco.com.ar\/index.php?rest_route=\/wp\/v2\/posts\/5954\/revisions\/5960"}],"wp:featuredmedia":[{"embeddable":true,"href":"https:\/\/www.sportchaco.com.ar\/index.php?rest_route=\/wp\/v2\/media\/5958"}],"wp:attachment":[{"href":"https:\/\/www.sportchaco.com.ar\/index.php?rest_route=%2Fwp%2Fv2%2Fmedia&parent=5954"}],"wp:term":[{"taxonomy":"category","embeddable":true,"href":"https:\/\/www.sportchaco.com.ar\/index.php?rest_route=%2Fwp%2Fv2%2Fcategories&post=5954"},{"taxonomy":"post_tag","embeddable":true,"href":"https:\/\/www.sportchaco.com.ar\/index.php?rest_route=%2Fwp%2Fv2%2Ftags&post=5954"}],"curies":[{"name":"wp","href":"https:\/\/api.w.org\/{rel}","templated":true}]}}