{"id":5974,"date":"2024-02-19T21:33:07","date_gmt":"2024-02-20T00:33:07","guid":{"rendered":"https:\/\/www.sportchaco.com.ar\/?p=5974"},"modified":"2024-03-09T12:10:12","modified_gmt":"2024-03-09T15:10:12","slug":"liga-chaquena-comenzo-la-pretemporada-de-chaco-for-ever","status":"publish","type":"post","link":"https:\/\/www.sportchaco.com.ar\/?p=5974","title":{"rendered":"Liga Chaque\u00f1a: Comenz\u00f3 la pretemporada de Chaco For Ever"},"content":{"rendered":"<p><strong>19-02-02024<\/strong><\/p>\n<p>Chaco For Ever comenz\u00f3 con los trabajos de pretemporada para el torneo local. Los plantes de primera, tercera, quinta y sexta divisi\u00f3n, hicieron sus presentaciones en el primer d\u00eda de los entrenamientos, d\u00f3nde tambi\u00e9n fue presentado Santiago Ojeda, coordinador del f\u00fatbol de inferiores del \u201cnegro\u201d.<\/p>\n<p><img loading=\"lazy\" decoding=\"async\" class=\"alignnone size-medium wp-image-6457 aligncenter\" src=\"https:\/\/www.sportchaco.com.ar\/wp-content\/uploads\/2024\/03\/Feb-2-300x50.jpeg\" alt=\"\" width=\"300\" height=\"50\" srcset=\"https:\/\/www.sportchaco.com.ar\/wp-content\/uploads\/2024\/03\/Feb-2-300x50.jpeg 300w, https:\/\/www.sportchaco.com.ar\/wp-content\/uploads\/2024\/03\/Feb-2-1024x170.jpeg 1024w, https:\/\/www.sportchaco.com.ar\/wp-content\/uploads\/2024\/03\/Feb-2-768x128.jpeg 768w, https:\/\/www.sportchaco.com.ar\/wp-content\/uploads\/2024\/03\/Feb-2-1536x255.jpeg 1536w, https:\/\/www.sportchaco.com.ar\/wp-content\/uploads\/2024\/03\/Feb-2.jpeg 1600w\" sizes=\"auto, (max-width: 300px) 100vw, 300px\" \/><\/p>\n<p>Entre las novedades, se destaca la prueba de jugadores que realizar\u00e1 el club, buscando fortalecer la plantilla de los equipos que compiten en el torneo local. Entre los requisitos para participar de la misma, los interesados deber\u00e1n tener entre 15 y 19 a\u00f1os, siendo jugadores libres o con la disponibilidad del pase en su poder. Adem\u00e1s, deber\u00e1n certificar haber formado parte de planteles de ligas, torneos regionales, federales o categor\u00edas superiores en los \u00faltimos 3 a\u00f1os.<\/p>\n<p>En este contexto, los d\u00edas de pruebas para los futbolistas de entre 17 y 19 a\u00f1os, ser\u00e1n el mi\u00e9rcoles 21 y jueves 22 de febrero. En tanto que para los j\u00f3venes de entre 15 y 16 a\u00f1os, el turno ser\u00e1 los d\u00edas mi\u00e9rcoles 28 y jueves 22 de febrero. En ambas oportunidades, las evaluaciones comenzar\u00e1n a las 16:30 en el predio de San Diego, d\u00f3nde deber\u00e1n presentar un formulario con su nombre, DNI, fecha de nacimiento y edad, experiencia y \u00faltimo equipo en el que jugaron, la posici\u00f3n en la que se desempe\u00f1a el jugador y un n\u00famero de contacto.<\/p>\n<p>Por \u00faltimo, para solicitar el formulario, podr\u00e1n comunicarse por correo electr\u00f3nico a la direcci\u00f3n de coordinacion.futbol.cachfe24@gmail.com o v\u00eda telef\u00f3nica al n\u00famero 362 4814546<\/p>\n<p><img loading=\"lazy\" decoding=\"async\" class=\"alignnone size-medium wp-image-6478 aligncenter\" src=\"https:\/\/www.sportchaco.com.ar\/wp-content\/uploads\/2024\/03\/Feb-10-300x250.jpeg\" alt=\"\" width=\"300\" height=\"250\" srcset=\"https:\/\/www.sportchaco.com.ar\/wp-content\/uploads\/2024\/03\/Feb-10-300x250.jpeg 300w, https:\/\/www.sportchaco.com.ar\/wp-content\/uploads\/2024\/03\/Feb-10.jpeg 626w\" sizes=\"auto, (max-width: 300px) 100vw, 300px\" \/><\/p>\n<p>Por el lado de los profesores, Santiago Godoy continuar\u00e1 siendo el DT de la primera divisi\u00f3n albinegra, acompa\u00f1ado por Natalio Segovia como preparador f\u00edsico. Del mismo modo, Diego Lescano y Jorge Alarc\u00f3n seguir\u00e1n al frente de la tercera divisi\u00f3n, como DT y PF, respectivamente.<\/p>\n<p>Por el lado de las dos categor\u00edas mas bajas, Juan G\u00f3mez continuar\u00e1 como t\u00e9cnico de la quinta divisi\u00f3n, junto a Carlos Segovia en la preparaci\u00f3n f\u00edsica, mientras que la dupla conformada por el DT, Enzo Villordo, y el preparador f\u00edsico Franco Toffoletti estar\u00e1n a cargo de la sexta divisi\u00f3n.<\/p>\n","protected":false},"excerpt":{"rendered":"<p>19-02-02024 Chaco For Ever comenz\u00f3 con los trabajos de pretemporada para el torneo local. Los plantes de primera, tercera, quinta y sexta divisi\u00f3n, hicieron sus presentaciones en el primer d\u00eda de los entrenamientos, d\u00f3nde tambi\u00e9n fue presentado Santiago Ojeda, coordinador del f\u00fatbol de inferiores del \u201cnegro\u201d. Entre las novedades, se destaca la prueba de jugadores &hellip;<\/p>\n","protected":false},"author":3,"featured_media":5975,"comment_status":"open","ping_status":"open","sticky":false,"template":"","format":"standard","meta":{"footnotes":""},"categories":[5],"tags":[],"class_list":["post-5974","post","type-post","status-publish","format-standard","has-post-thumbnail","hentry","category-futbol"],"_links":{"self":[{"href":"https:\/\/www.sportchaco.com.ar\/index.php?rest_route=\/wp\/v2\/posts\/5974","targetHints":{"allow":["GET"]}}],"collection":[{"href":"https:\/\/www.sportchaco.com.ar\/index.php?rest_route=\/wp\/v2\/posts"}],"about":[{"href":"https:\/\/www.sportchaco.com.ar\/index.php?rest_route=\/wp\/v2\/types\/post"}],"author":[{"embeddable":true,"href":"https:\/\/www.sportchaco.com.ar\/index.php?rest_route=\/wp\/v2\/users\/3"}],"replies":[{"embeddable":true,"href":"https:\/\/www.sportchaco.com.ar\/index.php?rest_route=%2Fwp%2Fv2%2Fcomments&post=5974"}],"version-history":[{"count":2,"href":"https:\/\/www.sportchaco.com.ar\/index.php?rest_route=\/wp\/v2\/posts\/5974\/revisions"}],"predecessor-version":[{"id":6665,"href":"https:\/\/www.sportchaco.com.ar\/index.php?rest_route=\/wp\/v2\/posts\/5974\/revisions\/6665"}],"wp:featuredmedia":[{"embeddable":true,"href":"https:\/\/www.sportchaco.com.ar\/index.php?rest_route=\/wp\/v2\/media\/5975"}],"wp:attachment":[{"href":"https:\/\/www.sportchaco.com.ar\/index.php?rest_route=%2Fwp%2Fv2%2Fmedia&parent=5974"}],"wp:term":[{"taxonomy":"category","embeddable":true,"href":"https:\/\/www.sportchaco.com.ar\/index.php?rest_route=%2Fwp%2Fv2%2Fcategories&post=5974"},{"taxonomy":"post_tag","embeddable":true,"href":"https:\/\/www.sportchaco.com.ar\/index.php?rest_route=%2Fwp%2Fv2%2Ftags&post=5974"}],"curies":[{"name":"wp","href":"https:\/\/api.w.org\/{rel}","templated":true}]}}