{"id":5988,"date":"2024-02-19T22:59:36","date_gmt":"2024-02-20T01:59:36","guid":{"rendered":"https:\/\/www.sportchaco.com.ar\/?p=5988"},"modified":"2024-02-19T22:59:36","modified_gmt":"2024-02-20T01:59:36","slug":"dan-por-hecho-la-llegada-de-mbappe-al-real-madrid","status":"publish","type":"post","link":"https:\/\/www.sportchaco.com.ar\/?p=5988","title":{"rendered":"Dan por hecho la llegada de Mbapp\u00e9 al Real Madrid"},"content":{"rendered":"<h1><\/h1>\n<p class=\"description\">Seg\u00fan Marca, el franc\u00e9s sell\u00f3 su v\u00ednculo hace dos semanas. Desde el 1\u00b0 de julio, se convertir\u00eda oficialmente en jugador del Merengue por cinco temporadas.<\/p>\n<div class=\"article-info\">\n<div class=\"article-info-left\">\n<div class=\"article-autor-info\">\n<div class=\"article-autor-name\"><\/div>\n<\/div>\n<\/div>\n<\/div>\n<figure class=\"rat16x9\"><\/figure>\n<p class=\"capital\">Kylian Mbapp\u00e9 jugar\u00e1 en Real Madrid. Y no solo eso, sino que\u00a0ya tiene firmado un contrato con el Merengue desde hace dos semanas. Todo esto, seg\u00fan la prensa espa\u00f1ola. Desde el 1\u00b0 de julio, el hoy delantero del Par\u00eds Saint-Germain\u00a0se convertir\u00eda oficialmente en jugador de la Casablanca por cinco temporadas.<\/p>\n<div class=\"watchto-wrap\">\n<div class=\"watchto\"><a class=\"imgwrap\" href=\"https:\/\/www.tycsports.com\/francia\/ligue-1\/kylian-mbappe-se-va-de-psg-libre-mercado-de-pases-id564838.html\"><picture><source srcset=\"https:\/\/media.tycsports.com\/files\/2024\/02\/15\/677596\/mbappe_267x150.webp?v=1\" media=\"(min-width: 721px)\" \/><source srcset=\"https:\/\/media.tycsports.com\/files\/2024\/02\/15\/677596\/mbappe_267x356.webp\" media=\"(max-width: 721px)\" \/><img decoding=\"async\" src=\"https:\/\/media.tycsports.com\/files\/2024\/02\/15\/677596\/mbappe_267x150.webp?v=1\" data-src=\"https:\/\/media.tycsports.com\/files\/2024\/02\/15\/677596\/mbappe_267x150.webp?v=1\" \/><\/picture><\/a><\/p>\n<div class=\"watchto-text\">\n<p>&nbsp;<\/p>\n<h2><\/h2>\n<\/div>\n<div class=\"watchto-btn-view\"><\/div>\n<\/div>\n<\/div>\n<p><i>\u00abKylian Mbapp\u00e9 y el Real Madrid tienen un acuerdo cerrado y firmado desde hace dos semanas por el cual a partir del 1\u00b0 de julio el delantero franc\u00e9s se convertir\u00e1 en flamante jugador del equipo blanco\u00bb<\/i>, reza la nota principal de la jornada en el\u00a0<i>Diario Marca\u00a0<\/i>de Espa\u00f1a.<\/p>\n<p>La confirmaci\u00f3n de que\u00a0<a href=\"https:\/\/www.tycsports.com\/francia\/ligue-1\/kylian-mbappe-se-va-de-psg-libre-mercado-de-pases-id564838.html\" target=\"_blank\" rel=\"noopener\">Mbapp\u00e9 se ir\u00e1 libre del PSG a mediados de este a\u00f1o<\/a>\u00a0se dio el martes pasado cuando lo inform\u00f3\u00a0Fabrizio Romano, periodista italiano especializado en el mercado de pases.<\/p>\n<p>Actualmente, Romano no corrobor\u00f3 las palabras de Marca, sino que utiliz\u00f3 su cuenta de X para repostear su informaci\u00f3n al respecto:\u00a0desde el 15 de febrero, Mbapp\u00e9 tendr\u00eda la propuesta del contrato que le hizo Real Madrid,\u00a0una\u00a0<i>\u00abmucho m\u00e1s baja\u00bb<\/i>\u00a0que la realizada a mediados del 2022.<\/p>\n<p>El Merengue siempre fue el club que m\u00e1s cerca estuvo de sacar a Kylian del PSG, y aunque en su momento Florentino P\u00e9rez qued\u00f3 decepcionado por el rechazo del crack ante la suculenta oferta que le hab\u00eda acercado el Madrid en 2022,\u00a0todos los caminos conducen a la llegada de Mbapp\u00e9 al Santiago Bernab\u00e9u.<\/p>\n<p>&nbsp;<\/p>\n<p>&nbsp;<\/p>\n<p>&nbsp;<\/p>\n<div class=\"watchto-wrap\">\n<div class=\"watchto\"><a class=\"imgwrap\" href=\"https:\/\/www.tycsports.com\/francia\/ligue-1\/nantes-vs-psg-en-vivo-hora-donde-ver-y-formaciones-id564888.html\"><picture><source srcset=\"https:\/\/media.tycsports.com\/files\/2024\/02\/17\/678752\/gol-de-mbappe-en-nantes-vs-psg_267x150.webp?v=1\" media=\"(min-width: 721px)\" \/><source srcset=\"https:\/\/media.tycsports.com\/files\/2024\/02\/17\/678752\/gol-de-mbappe-en-nantes-vs-psg_267x356.webp?v=1\" media=\"(max-width: 721px)\" \/><img loading=\"lazy\" decoding=\"async\" class=\"\" src=\"https:\/\/media.tycsports.com\/files\/2024\/02\/17\/678752\/gol-de-mbappe-en-nantes-vs-psg_267x150.webp?v=1\" width=\"452\" height=\"254\" data-src=\"https:\/\/media.tycsports.com\/files\/2024\/02\/17\/678752\/gol-de-mbappe-en-nantes-vs-psg_267x150.webp?v=1\" \/><\/picture><\/a><\/p>\n<div class=\"watchto-text\"><\/div>\n<div class=\"watchto-btn-view\"><\/div>\n<\/div>\n<\/div>\n<h2>Los detalles de la negociaci\u00f3n entre Mbapp\u00e9 y Real Madrid<\/h2>\n<p>&nbsp;<\/p>\n<p>Para cumplir con la norma,\u00a0Real Madrid se comunic\u00f3 con Mbapp\u00e9 en los primeros d\u00edas de enero, una vez que su contrato con PSG entraba en los \u00faltimos seis meses de duraci\u00f3n.<i>\u00a0\u00abDesde el Madrid se contactaron con el entorno de Mbapp\u00e9 para saber si el plan acordado en mayo del a\u00f1o pasado segu\u00eda vigente y no hab\u00eda cambios. La respuesta fue positiva\u00bb<\/i>, detall\u00f3\u00a0<i>Marca<\/i>.<\/p>\n<p>En febrero retomaron las conversaciones y le comunicaron a Kylian que,\u00a0\u00absi bien el Madrid estaba interesado en su contrataci\u00f3n, ya no se trataba de una urgencia o un fichaje que quer\u00edan conseguir a cualquier precio\u00bb, como s\u00ed lo fue a mediados del 2022. Ante la respuesta positiva del franc\u00e9s,\u00a0\u00abla negociaci\u00f3n ha sido relativamente sencilla\u00bb\u00a0y con\u00a0\u00abalgunas rebajas\u00bb\u00a0a favor del Madrid en comparaci\u00f3n con lo que hab\u00edan acordado hac\u00eda un a\u00f1o y medio.<\/p>\n<p>No obstante,\u00a0se convertir\u00eda en el mejor pagado del plantel,\u00a0\u00abpero con un salario no demasiado alejado de los futbolistas que m\u00e1s cobran en la plantilla, que son Kroos, Modric y Alaba\u00bb, siempre seg\u00fan\u00a0Marca. Fuente TyC Sports<\/p>\n","protected":false},"excerpt":{"rendered":"<p>Seg\u00fan Marca, el franc\u00e9s sell\u00f3 su v\u00ednculo hace dos semanas. Desde el 1\u00b0 de julio, se convertir\u00eda oficialmente en jugador del Merengue por cinco temporadas. Kylian Mbapp\u00e9 jugar\u00e1 en Real Madrid. Y no solo eso, sino que\u00a0ya tiene firmado un contrato con el Merengue desde hace dos semanas. Todo esto, seg\u00fan la prensa espa\u00f1ola. Desde &hellip;<\/p>\n","protected":false},"author":2,"featured_media":5989,"comment_status":"open","ping_status":"open","sticky":false,"template":"","format":"standard","meta":{"footnotes":""},"categories":[5],"tags":[],"class_list":["post-5988","post","type-post","status-publish","format-standard","has-post-thumbnail","hentry","category-futbol"],"_links":{"self":[{"href":"https:\/\/www.sportchaco.com.ar\/index.php?rest_route=\/wp\/v2\/posts\/5988","targetHints":{"allow":["GET"]}}],"collection":[{"href":"https:\/\/www.sportchaco.com.ar\/index.php?rest_route=\/wp\/v2\/posts"}],"about":[{"href":"https:\/\/www.sportchaco.com.ar\/index.php?rest_route=\/wp\/v2\/types\/post"}],"author":[{"embeddable":true,"href":"https:\/\/www.sportchaco.com.ar\/index.php?rest_route=\/wp\/v2\/users\/2"}],"replies":[{"embeddable":true,"href":"https:\/\/www.sportchaco.com.ar\/index.php?rest_route=%2Fwp%2Fv2%2Fcomments&post=5988"}],"version-history":[{"count":1,"href":"https:\/\/www.sportchaco.com.ar\/index.php?rest_route=\/wp\/v2\/posts\/5988\/revisions"}],"predecessor-version":[{"id":5990,"href":"https:\/\/www.sportchaco.com.ar\/index.php?rest_route=\/wp\/v2\/posts\/5988\/revisions\/5990"}],"wp:featuredmedia":[{"embeddable":true,"href":"https:\/\/www.sportchaco.com.ar\/index.php?rest_route=\/wp\/v2\/media\/5989"}],"wp:attachment":[{"href":"https:\/\/www.sportchaco.com.ar\/index.php?rest_route=%2Fwp%2Fv2%2Fmedia&parent=5988"}],"wp:term":[{"taxonomy":"category","embeddable":true,"href":"https:\/\/www.sportchaco.com.ar\/index.php?rest_route=%2Fwp%2Fv2%2Fcategories&post=5988"},{"taxonomy":"post_tag","embeddable":true,"href":"https:\/\/www.sportchaco.com.ar\/index.php?rest_route=%2Fwp%2Fv2%2Ftags&post=5988"}],"curies":[{"name":"wp","href":"https:\/\/api.w.org\/{rel}","templated":true}]}}