{"id":6017,"date":"2024-02-21T10:49:56","date_gmt":"2024-02-21T13:49:56","guid":{"rendered":"https:\/\/www.sportchaco.com.ar\/?p=6017"},"modified":"2024-02-21T10:49:56","modified_gmt":"2024-02-21T13:49:56","slug":"tomas-tuchel-dejara-el-bayer-a-final-de-temporada","status":"publish","type":"post","link":"https:\/\/www.sportchaco.com.ar\/?p=6017","title":{"rendered":"Tom\u00e1s Tuchel dejara el Bayer a final de temporada"},"content":{"rendered":"<p id=\"titulo_cable\" class=\"title\">\n<div id=\"div_cuerpo\" class=\"content cable-content\">El Bayern M\u00fanich anunci\u00f3 oficialmente hoy que el entrenador Thomas Tuchel dejar\u00e1 el cargo al final de la actual temporada, tras sumar la tercera derrota consecutiva en la Bundesliga que lidera muy c\u00f3modo el Bayer Leverkusen.<\/p>\n<p>\u00abHemos llegado a la decisi\u00f3n de poner fin a nuestra relaci\u00f3n de mutuo acuerdo con Tuchel al final de esta temporada tras mantener un di\u00e1logo abierto y positivo. Nuestro objetivo es reestructurar nuestra direcci\u00f3n deportiva con un nuevo entrenador para la temporada 2024\/25\u00bb, anunci\u00f3 Jan-Christian Dreesen, director general del Bayern M\u00fanich a trav\u00e9s de las redes sociales del club b\u00e1varo.<\/p>\n<p>La noticia sobre el despido de Tuchel en junio pr\u00f3ximo hab\u00eda sido adelantada por &#8216;Sky Sport&#8217; y fue confirmada este mi\u00e9rcoles por los principales dirigentes del Bayern M\u00fanich.<\/p>\n<p>Seg\u00fan los medios alemanes la \u00abmala din\u00e1mica deportiva y la mala relaci\u00f3n con los pesos pesados del plantel, en especial con Joshua Kimmich, precipitaron los acontecimientos que dieron lugar a la pr\u00f3xima salida de Tuchel.<\/p>\n<p>\u00abLa crisis deportiva, en cualquier caso, fue el gran detonante. El Bayern viene de encadenar tres derrotas consecutivas frente a Bayer Leverkusen (3-0), Lazio (1-0) y Bochum (3-2) que lo colocaron en una delicada situaci\u00f3n\u00bb destaca el diario deportivo espa\u00f1ol Marca.<\/p>\n<p>Tuchel confirm\u00f3 que dejar\u00e1 el cargo en junio y dijo: \u00abHemos acordado poner fin a nuestra vinculaci\u00f3n despu\u00e9s de esta temporada. Hasta entonces, por supuesto, seguir\u00e9 haciendo todo lo posible con mi cuerpo t\u00e9cnico para alcanzar el m\u00e1ximo \u00e9xito\u00bb<\/p>\n<p>El Bayern Munich ganador de 11 t\u00edtulos consecutivos en Alemania se ubica segundo a ocho puntos del Leverkusen y en la Liga de Campeones est\u00e1 obligado a remontar el 0-1 que sufri\u00f3 en Roma en la ida de octavos de final ante Lazio.<\/p>\n<p>Adem\u00e1s, el equipo rojo fue eliminado de la Copa Alemana por el Saarbr\u00fccken de la tercera divisi\u00f3n y perdi\u00f3 la Supercopa contra el Leipzig. T\u00e9lam<\/p><\/div>\n","protected":false},"excerpt":{"rendered":"<p>El Bayern M\u00fanich anunci\u00f3 oficialmente hoy que el entrenador Thomas Tuchel dejar\u00e1 el cargo al final de la actual temporada, tras sumar la tercera derrota consecutiva en la Bundesliga que lidera muy c\u00f3modo el Bayer Leverkusen. \u00abHemos llegado a la decisi\u00f3n de poner fin a nuestra relaci\u00f3n de mutuo acuerdo con Tuchel al final de &hellip;<\/p>\n","protected":false},"author":1,"featured_media":6018,"comment_status":"open","ping_status":"open","sticky":false,"template":"","format":"standard","meta":{"footnotes":""},"categories":[6],"tags":[],"class_list":["post-6017","post","type-post","status-publish","format-standard","has-post-thumbnail","hentry","category-internacionales"],"_links":{"self":[{"href":"https:\/\/www.sportchaco.com.ar\/index.php?rest_route=\/wp\/v2\/posts\/6017","targetHints":{"allow":["GET"]}}],"collection":[{"href":"https:\/\/www.sportchaco.com.ar\/index.php?rest_route=\/wp\/v2\/posts"}],"about":[{"href":"https:\/\/www.sportchaco.com.ar\/index.php?rest_route=\/wp\/v2\/types\/post"}],"author":[{"embeddable":true,"href":"https:\/\/www.sportchaco.com.ar\/index.php?rest_route=\/wp\/v2\/users\/1"}],"replies":[{"embeddable":true,"href":"https:\/\/www.sportchaco.com.ar\/index.php?rest_route=%2Fwp%2Fv2%2Fcomments&post=6017"}],"version-history":[{"count":1,"href":"https:\/\/www.sportchaco.com.ar\/index.php?rest_route=\/wp\/v2\/posts\/6017\/revisions"}],"predecessor-version":[{"id":6019,"href":"https:\/\/www.sportchaco.com.ar\/index.php?rest_route=\/wp\/v2\/posts\/6017\/revisions\/6019"}],"wp:featuredmedia":[{"embeddable":true,"href":"https:\/\/www.sportchaco.com.ar\/index.php?rest_route=\/wp\/v2\/media\/6018"}],"wp:attachment":[{"href":"https:\/\/www.sportchaco.com.ar\/index.php?rest_route=%2Fwp%2Fv2%2Fmedia&parent=6017"}],"wp:term":[{"taxonomy":"category","embeddable":true,"href":"https:\/\/www.sportchaco.com.ar\/index.php?rest_route=%2Fwp%2Fv2%2Fcategories&post=6017"},{"taxonomy":"post_tag","embeddable":true,"href":"https:\/\/www.sportchaco.com.ar\/index.php?rest_route=%2Fwp%2Fv2%2Ftags&post=6017"}],"curies":[{"name":"wp","href":"https:\/\/api.w.org\/{rel}","templated":true}]}}