{"id":6029,"date":"2024-02-21T12:28:53","date_gmt":"2024-02-21T15:28:53","guid":{"rendered":"https:\/\/www.sportchaco.com.ar\/?p=6029"},"modified":"2024-02-21T12:28:53","modified_gmt":"2024-02-21T15:28:53","slug":"la-asamblea-de-la-liga-chaquena-se-realizara-el-14-de-marzo","status":"publish","type":"post","link":"https:\/\/www.sportchaco.com.ar\/?p=6029","title":{"rendered":"La Asamblea de la Liga Chaque\u00f1a se realizar\u00e1 el 14 de marzo"},"content":{"rendered":"<p>Despu\u00e9s de tantas incertidumbres en la Liga Chaque\u00f1a de F\u00fatbol se defini\u00f3 una fecha para la Asamblea que definir\u00e1 las nuevas autoridades que comandar\u00e1n el f\u00fatbol local.<\/p>\n<p>Tras una reuni\u00f3n en la tarde del martes entre el actual presidente, Gustavo Peloso, y los candidatos Osvaldo Nardoni y Ra\u00fal Mosqueda se estableci\u00f3 que la fecha para la Asamblea ser\u00e1 el pr\u00f3ximo jueves 14 de marzo.<\/p>\n<p>A su vez propusieron una fecha tentativa para el inicio del torneo. En Primera Divisi\u00f3n la idea es arrancar el 6 y 7 de abril, primer fin de semana de dicho mes; para la Primera \u00abB\u00bb y el torneo femenino el fin de semana del 13 y 14 de abril; mientras que las inferiores lo har\u00edan el s\u00e1bado 20 y domingo 21 de abril.<\/p>\n","protected":false},"excerpt":{"rendered":"<p>Despu\u00e9s de tantas incertidumbres en la Liga Chaque\u00f1a de F\u00fatbol se defini\u00f3 una fecha para la Asamblea que definir\u00e1 las nuevas autoridades que comandar\u00e1n el f\u00fatbol local. Tras una reuni\u00f3n en la tarde del martes entre el actual presidente, Gustavo Peloso, y los candidatos Osvaldo Nardoni y Ra\u00fal Mosqueda se estableci\u00f3 que la fecha para &hellip;<\/p>\n","protected":false},"author":3,"featured_media":6030,"comment_status":"open","ping_status":"open","sticky":false,"template":"","format":"standard","meta":{"footnotes":""},"categories":[5],"tags":[],"class_list":["post-6029","post","type-post","status-publish","format-standard","has-post-thumbnail","hentry","category-futbol"],"_links":{"self":[{"href":"https:\/\/www.sportchaco.com.ar\/index.php?rest_route=\/wp\/v2\/posts\/6029","targetHints":{"allow":["GET"]}}],"collection":[{"href":"https:\/\/www.sportchaco.com.ar\/index.php?rest_route=\/wp\/v2\/posts"}],"about":[{"href":"https:\/\/www.sportchaco.com.ar\/index.php?rest_route=\/wp\/v2\/types\/post"}],"author":[{"embeddable":true,"href":"https:\/\/www.sportchaco.com.ar\/index.php?rest_route=\/wp\/v2\/users\/3"}],"replies":[{"embeddable":true,"href":"https:\/\/www.sportchaco.com.ar\/index.php?rest_route=%2Fwp%2Fv2%2Fcomments&post=6029"}],"version-history":[{"count":1,"href":"https:\/\/www.sportchaco.com.ar\/index.php?rest_route=\/wp\/v2\/posts\/6029\/revisions"}],"predecessor-version":[{"id":6031,"href":"https:\/\/www.sportchaco.com.ar\/index.php?rest_route=\/wp\/v2\/posts\/6029\/revisions\/6031"}],"wp:featuredmedia":[{"embeddable":true,"href":"https:\/\/www.sportchaco.com.ar\/index.php?rest_route=\/wp\/v2\/media\/6030"}],"wp:attachment":[{"href":"https:\/\/www.sportchaco.com.ar\/index.php?rest_route=%2Fwp%2Fv2%2Fmedia&parent=6029"}],"wp:term":[{"taxonomy":"category","embeddable":true,"href":"https:\/\/www.sportchaco.com.ar\/index.php?rest_route=%2Fwp%2Fv2%2Fcategories&post=6029"},{"taxonomy":"post_tag","embeddable":true,"href":"https:\/\/www.sportchaco.com.ar\/index.php?rest_route=%2Fwp%2Fv2%2Ftags&post=6029"}],"curies":[{"name":"wp","href":"https:\/\/api.w.org\/{rel}","templated":true}]}}