{"id":6037,"date":"2024-02-21T14:04:26","date_gmt":"2024-02-21T17:04:26","guid":{"rendered":"https:\/\/www.sportchaco.com.ar\/?p=6037"},"modified":"2024-02-21T19:57:36","modified_gmt":"2024-02-21T22:57:36","slug":"for-ever-con-varias-dudas-para-una-seguidilla-de-partidos","status":"publish","type":"post","link":"https:\/\/www.sportchaco.com.ar\/?p=6037","title":{"rendered":"For Ever con varias dudas para una seguidilla de partidos"},"content":{"rendered":"<p>Se le vienen d\u00edas cargados de actividad para For Ever, que en principio jugar\u00e1 este domingo ante Deportivo Mor\u00f3n desde las 19:30 horas en el \u00abJuan Alberto Garc\u00eda\u00bb, luego ir\u00e1 a Buenos Aires a jugar con Temperley (domingo 3 de marzo) y se quedar\u00e1 all\u00ed para jugar ante Nueva Chicago el tiempo restante del \u00faltimo fin de semana del encuentro que fue suspendido por falta de energ\u00eda electrica. Este partido ante el \u00abtorito\u00bb de Mataderos ir\u00e1 el martes 5 de marzo.<\/p>\n<p>Es decir que el \u00abalbinegro\u00bb tendr\u00e1 en diez d\u00edas que afrontar dos partidos y medio para ponerse al d\u00eda en la zona B de la Primera Nacional.<\/p>\n<p>En cuanto a lo deportivo el equipo de Osella entren\u00f3 en el predio de San Diego este mi\u00e9rcoles por la ma\u00f1ana y el jueves har\u00e1 la pr\u00e1ctica de f\u00fatbol en el \u00abgigante\u00bb de la avenida.<\/p>\n<p>For Ever tiene confirmadas las bajas de Gast\u00f3n Novero, Mateo Maccari y Lucas Kruspzky; adem\u00e1s de las dudas de Rodrigo V\u00e9lez, quien no estuvo en el partido ante Chicago por un cuadro febril pese a viajar con la delegaci\u00f3n y se le suma ahora Brian Nievas que sufri\u00f3 una peque\u00f1a contractura tras el partido en la \u00abRep\u00fablica de Mataderos\u00bb.<\/p>\n<p>Adem\u00e1s, AFA confirm\u00f3 el grupo de \u00e1rbitros para el duelo ante el \u00abgallito\u00bb. Fabricio Llobet ser\u00e1 el juez principal, estar\u00e1 asistido por Pascual Fern\u00e1ndez y Hern\u00e1n Salado Paz, mientras que el cuarto \u00e1rbitro ser\u00e1 Federico Guaymas.<\/p>\n","protected":false},"excerpt":{"rendered":"<p>Se le vienen d\u00edas cargados de actividad para For Ever, que en principio jugar\u00e1 este domingo ante Deportivo Mor\u00f3n desde las 19:30 horas en el \u00abJuan Alberto Garc\u00eda\u00bb, luego ir\u00e1 a Buenos Aires a jugar con Temperley (domingo 3 de marzo) y se quedar\u00e1 all\u00ed para jugar ante Nueva Chicago el tiempo restante del \u00faltimo &hellip;<\/p>\n","protected":false},"author":3,"featured_media":4276,"comment_status":"open","ping_status":"open","sticky":false,"template":"","format":"standard","meta":{"footnotes":""},"categories":[5],"tags":[],"class_list":["post-6037","post","type-post","status-publish","format-standard","has-post-thumbnail","hentry","category-futbol"],"_links":{"self":[{"href":"https:\/\/www.sportchaco.com.ar\/index.php?rest_route=\/wp\/v2\/posts\/6037","targetHints":{"allow":["GET"]}}],"collection":[{"href":"https:\/\/www.sportchaco.com.ar\/index.php?rest_route=\/wp\/v2\/posts"}],"about":[{"href":"https:\/\/www.sportchaco.com.ar\/index.php?rest_route=\/wp\/v2\/types\/post"}],"author":[{"embeddable":true,"href":"https:\/\/www.sportchaco.com.ar\/index.php?rest_route=\/wp\/v2\/users\/3"}],"replies":[{"embeddable":true,"href":"https:\/\/www.sportchaco.com.ar\/index.php?rest_route=%2Fwp%2Fv2%2Fcomments&post=6037"}],"version-history":[{"count":2,"href":"https:\/\/www.sportchaco.com.ar\/index.php?rest_route=\/wp\/v2\/posts\/6037\/revisions"}],"predecessor-version":[{"id":6039,"href":"https:\/\/www.sportchaco.com.ar\/index.php?rest_route=\/wp\/v2\/posts\/6037\/revisions\/6039"}],"wp:featuredmedia":[{"embeddable":true,"href":"https:\/\/www.sportchaco.com.ar\/index.php?rest_route=\/wp\/v2\/media\/4276"}],"wp:attachment":[{"href":"https:\/\/www.sportchaco.com.ar\/index.php?rest_route=%2Fwp%2Fv2%2Fmedia&parent=6037"}],"wp:term":[{"taxonomy":"category","embeddable":true,"href":"https:\/\/www.sportchaco.com.ar\/index.php?rest_route=%2Fwp%2Fv2%2Fcategories&post=6037"},{"taxonomy":"post_tag","embeddable":true,"href":"https:\/\/www.sportchaco.com.ar\/index.php?rest_route=%2Fwp%2Fv2%2Ftags&post=6037"}],"curies":[{"name":"wp","href":"https:\/\/api.w.org\/{rel}","templated":true}]}}