{"id":6060,"date":"2024-02-22T12:36:43","date_gmt":"2024-02-22T15:36:43","guid":{"rendered":"https:\/\/www.sportchaco.com.ar\/?p=6060"},"modified":"2024-02-22T12:37:55","modified_gmt":"2024-02-22T15:37:55","slug":"el-presidente-del-instituto-del-deporte-chaqueno-se-reunio-con-dirigentes-deportivos","status":"publish","type":"post","link":"https:\/\/www.sportchaco.com.ar\/?p=6060","title":{"rendered":"El presidente del Instituto del Deporte Chaque\u00f1o se reuni\u00f3 con dirigentes deportivos"},"content":{"rendered":"<p>El Pte. del Instituto del Deporte Chaque\u00f1o, Prof. Fabio V\u00e1zquez se reuni\u00f3 con dirigentes deportivos en el club Alvear de la localidad de Villa \u00c1ngela.<\/p>\n<p>Acompa\u00f1ado de la Diputada Provincial Laura Bissoni, el Pte. del club Alvear, Daniel Porro y el Prof. Carlos Wederczyk, el titular de la cartera deportiva provincial comunic\u00f3 a los dirigentes el pedido del Sr Gobernador, Leandro Zdero, de interiorizarse y ponerse en contacto con el deporte de nuestra provincia.<\/p>\n<p>Posteriormente los dirigentes daban a conocer la posici\u00f3n y el estado de los clubes y asociaciones del interior, tal es el caso de Marcelo Golob (Pte. Asociaci\u00f3n Italiana-Charata-) \u201cUna gran reuni\u00f3n, importante, que la dirigencia pol\u00edtica salga al interior a recabar las necesidades y escuchar a la dirigencia, notamos que hemos sido o\u00eddo y se ha tomado nota de lo que debe hacerse de una buena pol\u00edtica deportiva no desde una pol\u00edtica partidaria\u201d.<\/p>\n<p>Carlos Tulian (karate) \u201cEstamos muy agradecidos a la visita del Instituto del deporte para ver lo que hace el deporte de la provincia, esperemos que esta vez se mejore la situaci\u00f3n del deporte, en lo que respecta al karate.<\/p>\n<p>Por su parte el Prof. Fabio V\u00e1zquez reflexion\u00f3 que por indicaciones del Sr Gobernador se ir\u00e1 reuniendo con todo el deporte de la Provincia, \u201cel balance es m\u00e1s que positivo, la idea es estar cerca de la gente y que ellos puedan llevar una planificaci\u00f3n articulada para puedan cumplir el sue\u00f1o de sus deportistas. Estamos recorriendo las localidades y llevando adelante reuniones con clubes, asociaciones, deportistas, el compromiso es estar cerca de la gente, con cada localidad y ser\u00e1 cuesti\u00f3n de tiempo de ir organiz\u00e1ndonos para poder planificar futuras reuniones. Me voy m\u00e1s que conforme por la convocatoria y seguramente se replicara en distintas localidades de nuestro interior\u201d.<\/p>\n","protected":false},"excerpt":{"rendered":"<p>El Pte. del Instituto del Deporte Chaque\u00f1o, Prof. Fabio V\u00e1zquez se reuni\u00f3 con dirigentes deportivos en el club Alvear de la localidad de Villa \u00c1ngela. Acompa\u00f1ado de la Diputada Provincial Laura Bissoni, el Pte. del club Alvear, Daniel Porro y el Prof. Carlos Wederczyk, el titular de la cartera deportiva provincial comunic\u00f3 a los dirigentes &hellip;<\/p>\n","protected":false},"author":3,"featured_media":6061,"comment_status":"open","ping_status":"open","sticky":false,"template":"","format":"standard","meta":{"footnotes":""},"categories":[8],"tags":[],"class_list":["post-6060","post","type-post","status-publish","format-standard","has-post-thumbnail","hentry","category-sport-nea"],"_links":{"self":[{"href":"https:\/\/www.sportchaco.com.ar\/index.php?rest_route=\/wp\/v2\/posts\/6060","targetHints":{"allow":["GET"]}}],"collection":[{"href":"https:\/\/www.sportchaco.com.ar\/index.php?rest_route=\/wp\/v2\/posts"}],"about":[{"href":"https:\/\/www.sportchaco.com.ar\/index.php?rest_route=\/wp\/v2\/types\/post"}],"author":[{"embeddable":true,"href":"https:\/\/www.sportchaco.com.ar\/index.php?rest_route=\/wp\/v2\/users\/3"}],"replies":[{"embeddable":true,"href":"https:\/\/www.sportchaco.com.ar\/index.php?rest_route=%2Fwp%2Fv2%2Fcomments&post=6060"}],"version-history":[{"count":2,"href":"https:\/\/www.sportchaco.com.ar\/index.php?rest_route=\/wp\/v2\/posts\/6060\/revisions"}],"predecessor-version":[{"id":6063,"href":"https:\/\/www.sportchaco.com.ar\/index.php?rest_route=\/wp\/v2\/posts\/6060\/revisions\/6063"}],"wp:featuredmedia":[{"embeddable":true,"href":"https:\/\/www.sportchaco.com.ar\/index.php?rest_route=\/wp\/v2\/media\/6061"}],"wp:attachment":[{"href":"https:\/\/www.sportchaco.com.ar\/index.php?rest_route=%2Fwp%2Fv2%2Fmedia&parent=6060"}],"wp:term":[{"taxonomy":"category","embeddable":true,"href":"https:\/\/www.sportchaco.com.ar\/index.php?rest_route=%2Fwp%2Fv2%2Fcategories&post=6060"},{"taxonomy":"post_tag","embeddable":true,"href":"https:\/\/www.sportchaco.com.ar\/index.php?rest_route=%2Fwp%2Fv2%2Ftags&post=6060"}],"curies":[{"name":"wp","href":"https:\/\/api.w.org\/{rel}","templated":true}]}}