{"id":6094,"date":"2024-02-23T21:28:27","date_gmt":"2024-02-24T00:28:27","guid":{"rendered":"https:\/\/www.sportchaco.com.ar\/?p=6094"},"modified":"2024-02-23T21:28:27","modified_gmt":"2024-02-24T00:28:27","slug":"ramiro-heredia-hoy-no-le-servimos-a-nadie-solo-queremos-cobrar-por-el-servicio-que-prestamos-y-por-el-trabajo-realizado","status":"publish","type":"post","link":"https:\/\/www.sportchaco.com.ar\/?p=6094","title":{"rendered":"Ramiro Heredia: \u201cHoy no le servimos a nadie, solo queremos cobrar por el servicio que prestamos y por el trabajo realizado\u201d"},"content":{"rendered":"<p>Atravesando la segunda quincena del mes de febrero del 2024, algunos \u00e1rbitros de la Liga Chaque\u00f1a de F\u00fatbol aun no han cobrado por las coberturas realizadas en el mes de diciembre del 2023.<\/p>\n<p>Por ello, Ramiro Heredia, sali\u00f3 en el aire del Programa Offside que est\u00e1 en la programaci\u00f3n de Radio Provincia del Chaco (101.5) y tom\u00f3 voz por la mayor\u00eda de ellos, de los cuales algunos son j\u00f3venes y atraviesan sus primeros a\u00f1os como jueces en partidos oficiales de diferentes categor\u00edas del f\u00fatbol local.<\/p>\n<p>\u201cEstamos a 22 de febrero y todav\u00eda no cobramos el mes de diciembre ni nos han dicho nada con respecto al mismo. Yo soy \u00e1rbitro hace dos a\u00f1os y, aunque cobramos a mes vencido, este pago que nos deben ya se pas\u00f3 de los tiempos establecidos. Lo que buscamos es una explicaci\u00f3n, que alguna autoridad nos diga porque los \u00e1rbitros todav\u00eda no cobramos\u201d, expres\u00f3.<\/p>\n<p>Luego continu\u00f3: \u201cLa \u00fanica certeza que tenemos hoy los \u00e1rbitros es que se est\u00e1n pasando la pelota entre la Liga Chaque\u00f1a y la comisi\u00f3n de \u00e1rbitros dici\u00e9ndonos que la plata ya sali\u00f3, pero no le lleg\u00f3 a nadie. Somos los \u00fanicos perjudicados en todo esto porque es un dinero que se nos debe por los trabajos realizados, no es un regalo, un adelanto ni un beneficio, es lo que nos corresponde y nada m\u00e1s\u201d.<\/p>\n<p>Adem\u00e1s, por lo que se pudo saber, hay \u00e1rbitros de mayor trayectoria que si se encuentran al d\u00eda porque han cobrado en el mes de enero, mientras que la camada de j\u00f3venes jueces se encuentra en esta situaci\u00f3n donde en la cual sus haberes van perdiendo el valor del mismo por la devaluaci\u00f3n que atraviesa el pa\u00eds.<\/p>\n<p>Ramiro Heredia, a su vez, tambi\u00e9n coment\u00f3 que el a\u00f1o pasado atravesaron por una situaci\u00f3n similar, a\u00f1adi\u00f3: \u201cEn 2023 llegamos a una situaci\u00f3n en la cual se retrasaron tambi\u00e9n nuestros sueldos y por semanas iban abon\u00e1ndonos de a poco para que estemos al d\u00eda. Hoy en d\u00eda ni siquiera eso est\u00e1 sucediendo. El trabajo del \u00e1rbitro es m\u00e1s que solo el partido de f\u00fatbol, tenemos un mont\u00f3n de requisitos que cumplir con la indumentaria, los elementos de trabajo y los horarios, ah\u00ed son exigentes al igual que con la presentaci\u00f3n de las planillas. Todo el a\u00f1o uno se esfuerza para cumplir con ellos y llegamos a esta situaci\u00f3n donde con nuestros pagos no lo son\u201d.<\/p>\n<p>Tambi\u00e9n subray\u00f3 las elecciones que se vendr\u00e1n en la Liga Chaque\u00f1a de F\u00fatbol con lo cual nadie da certezas de que pasar\u00e1 con los \u00e1rbitros y sostuvo: \u201cSeguramente cuando nos necesiten all\u00e1 por el mes de abril, seguro se preocupar\u00e1n por nosotros para que los torneos comiencen con normalidad. Hoy no le servimos a nadie y no tenemos tomada ninguna medida con respecto a parar o no\u201d.<\/p>\n<p>Para finalizar, Heredia destac\u00f3: \u201cHoy no podemos quedarnos callados, somos muchos \u00e1rbitros en esta situaci\u00f3n, nadie nos da respuestas y no queremos que esto se vuelva a repetir cada a\u00f1o cuando finaliza una temporada por eso me expreso por mi y mis compa\u00f1eros\u201d.<\/p>\n","protected":false},"excerpt":{"rendered":"<p>Atravesando la segunda quincena del mes de febrero del 2024, algunos \u00e1rbitros de la Liga Chaque\u00f1a de F\u00fatbol aun no han cobrado por las coberturas realizadas en el mes de diciembre del 2023. Por ello, Ramiro Heredia, sali\u00f3 en el aire del Programa Offside que est\u00e1 en la programaci\u00f3n de Radio Provincia del Chaco (101.5) &hellip;<\/p>\n","protected":false},"author":3,"featured_media":6095,"comment_status":"open","ping_status":"open","sticky":false,"template":"","format":"standard","meta":{"footnotes":""},"categories":[5],"tags":[],"class_list":["post-6094","post","type-post","status-publish","format-standard","has-post-thumbnail","hentry","category-futbol"],"_links":{"self":[{"href":"https:\/\/www.sportchaco.com.ar\/index.php?rest_route=\/wp\/v2\/posts\/6094","targetHints":{"allow":["GET"]}}],"collection":[{"href":"https:\/\/www.sportchaco.com.ar\/index.php?rest_route=\/wp\/v2\/posts"}],"about":[{"href":"https:\/\/www.sportchaco.com.ar\/index.php?rest_route=\/wp\/v2\/types\/post"}],"author":[{"embeddable":true,"href":"https:\/\/www.sportchaco.com.ar\/index.php?rest_route=\/wp\/v2\/users\/3"}],"replies":[{"embeddable":true,"href":"https:\/\/www.sportchaco.com.ar\/index.php?rest_route=%2Fwp%2Fv2%2Fcomments&post=6094"}],"version-history":[{"count":1,"href":"https:\/\/www.sportchaco.com.ar\/index.php?rest_route=\/wp\/v2\/posts\/6094\/revisions"}],"predecessor-version":[{"id":6096,"href":"https:\/\/www.sportchaco.com.ar\/index.php?rest_route=\/wp\/v2\/posts\/6094\/revisions\/6096"}],"wp:featuredmedia":[{"embeddable":true,"href":"https:\/\/www.sportchaco.com.ar\/index.php?rest_route=\/wp\/v2\/media\/6095"}],"wp:attachment":[{"href":"https:\/\/www.sportchaco.com.ar\/index.php?rest_route=%2Fwp%2Fv2%2Fmedia&parent=6094"}],"wp:term":[{"taxonomy":"category","embeddable":true,"href":"https:\/\/www.sportchaco.com.ar\/index.php?rest_route=%2Fwp%2Fv2%2Fcategories&post=6094"},{"taxonomy":"post_tag","embeddable":true,"href":"https:\/\/www.sportchaco.com.ar\/index.php?rest_route=%2Fwp%2Fv2%2Ftags&post=6094"}],"curies":[{"name":"wp","href":"https:\/\/api.w.org\/{rel}","templated":true}]}}