{"id":6101,"date":"2024-02-23T23:14:00","date_gmt":"2024-02-24T02:14:00","guid":{"rendered":"https:\/\/www.sportchaco.com.ar\/?p=6101"},"modified":"2024-02-23T23:14:00","modified_gmt":"2024-02-24T02:14:00","slug":"disculpas-de-arruabarrena-para-fabra","status":"publish","type":"post","link":"https:\/\/www.sportchaco.com.ar\/?p=6101","title":{"rendered":"Disculpas de Arruabarrena para Fabra"},"content":{"rendered":"<p id=\"titulo_cable\" class=\"title\">\n<div id=\"div_cuerpo\" class=\"content cable-content\">El ex jugador y DT de Boca Juniors Rodolfo Arruabarrena le ofreci\u00f3 \u00abdisculpas p\u00fablicas\u00bb al defensor colombiano Frank Fabra, a prop\u00f3sito de sus cr\u00edticas que remitieron a la final perdida ante Fluminense de Brasil en la edici\u00f3n pasada de la Copa Libertadores.<\/p>\n<p>\u00abEl otro d\u00eda sal\u00ed en una radio y tuve unas palabras desafortunadas. Opin\u00e9 sobre Fabra y los silbidos, haciendo p\u00fablica una opini\u00f3n que no ten\u00eda que ser p\u00fablica. Por eso le pido disculpas a Fabra de manera p\u00fablica\u00bb, dijo Arruabarrena en una charla con el ex arquero de River Ubaldo Matildo Fillol, en la red social Instagram.<\/p>\n<p>\u00abA Fabra lo putee como nunca en la final de la Libertadores. Lo putee m\u00e1s que cuando fui su entrenador\u00bb, dijo el \u00abVasco\u00bb d\u00edas atr\u00e1s en una nota concedida a Radio Mitre.<\/p>\n<p>\u00abSiempre fui en contra de que los ex jugadores declaren en contra de un jugador actual. Yo s\u00e9 que Fabra es un buen pibe, un buen compa\u00f1ero y por eso estuvo en Boca todos estos a\u00f1os\u00bb, indic\u00f3 Arruabarrena en el di\u00e1logo con Fillol.<\/p>\n<p>\u00abDije una opini\u00f3n que me la ten\u00eda que haber guardado porque he hecho da\u00f1o, seguramente. Por eso pido disculpas y entiendo que pueden ser aceptadas o no. Sigo opinando lo mismo pero despu\u00e9s de todos los comentarios que hubo hacia Fabra, tengo que pedir disculpas. Quer\u00eda decirlo para dejarlo en claro\u00bb, se\u00f1al\u00f3 Arruabarrena.<\/p><\/div>\n","protected":false},"excerpt":{"rendered":"<p>El ex jugador y DT de Boca Juniors Rodolfo Arruabarrena le ofreci\u00f3 \u00abdisculpas p\u00fablicas\u00bb al defensor colombiano Frank Fabra, a prop\u00f3sito de sus cr\u00edticas que remitieron a la final perdida ante Fluminense de Brasil en la edici\u00f3n pasada de la Copa Libertadores. \u00abEl otro d\u00eda sal\u00ed en una radio y tuve unas palabras desafortunadas. Opin\u00e9 &hellip;<\/p>\n","protected":false},"author":2,"featured_media":6102,"comment_status":"open","ping_status":"open","sticky":false,"template":"","format":"standard","meta":{"footnotes":""},"categories":[6],"tags":[],"class_list":["post-6101","post","type-post","status-publish","format-standard","has-post-thumbnail","hentry","category-internacionales"],"_links":{"self":[{"href":"https:\/\/www.sportchaco.com.ar\/index.php?rest_route=\/wp\/v2\/posts\/6101","targetHints":{"allow":["GET"]}}],"collection":[{"href":"https:\/\/www.sportchaco.com.ar\/index.php?rest_route=\/wp\/v2\/posts"}],"about":[{"href":"https:\/\/www.sportchaco.com.ar\/index.php?rest_route=\/wp\/v2\/types\/post"}],"author":[{"embeddable":true,"href":"https:\/\/www.sportchaco.com.ar\/index.php?rest_route=\/wp\/v2\/users\/2"}],"replies":[{"embeddable":true,"href":"https:\/\/www.sportchaco.com.ar\/index.php?rest_route=%2Fwp%2Fv2%2Fcomments&post=6101"}],"version-history":[{"count":1,"href":"https:\/\/www.sportchaco.com.ar\/index.php?rest_route=\/wp\/v2\/posts\/6101\/revisions"}],"predecessor-version":[{"id":6103,"href":"https:\/\/www.sportchaco.com.ar\/index.php?rest_route=\/wp\/v2\/posts\/6101\/revisions\/6103"}],"wp:featuredmedia":[{"embeddable":true,"href":"https:\/\/www.sportchaco.com.ar\/index.php?rest_route=\/wp\/v2\/media\/6102"}],"wp:attachment":[{"href":"https:\/\/www.sportchaco.com.ar\/index.php?rest_route=%2Fwp%2Fv2%2Fmedia&parent=6101"}],"wp:term":[{"taxonomy":"category","embeddable":true,"href":"https:\/\/www.sportchaco.com.ar\/index.php?rest_route=%2Fwp%2Fv2%2Fcategories&post=6101"},{"taxonomy":"post_tag","embeddable":true,"href":"https:\/\/www.sportchaco.com.ar\/index.php?rest_route=%2Fwp%2Fv2%2Ftags&post=6101"}],"curies":[{"name":"wp","href":"https:\/\/api.w.org\/{rel}","templated":true}]}}