{"id":6107,"date":"2024-02-23T23:22:30","date_gmt":"2024-02-24T02:22:30","guid":{"rendered":"https:\/\/www.sportchaco.com.ar\/?p=6107"},"modified":"2024-02-23T23:23:18","modified_gmt":"2024-02-24T02:23:18","slug":"pablo-perez-anuncio-que-dejar-el-futbol-de-alta-competencia","status":"publish","type":"post","link":"https:\/\/www.sportchaco.com.ar\/?p=6107","title":{"rendered":"Pablo P\u00e9rez anunci\u00f3 que dejar el f\u00fatbol de alta competencia"},"content":{"rendered":"<div id=\"div_cuerpo\" class=\"content cable-content\">\n<p>El volante Pablo P\u00e9rez, ex Boca Juniors, Newell&#8217;s Old Boys y el seleccionado argentino, entre otros, se retir\u00f3 del f\u00fatbol profesional \u00abpor cuestiones personales\u00bb, seg\u00fan anunci\u00f3 el presidente de Sarmiento de Jun\u00edn, su actual equipo.<\/p>\n<p>\u00abEsta semana nos reunimos con Pablo P\u00e9rez y nos coment\u00f3 que no iba a seguir jugando por problemas personales y an\u00edmicos. Intentamos que contin\u00fae y no quiso\u00bb, inform\u00f3 Fernando Chi\u00f3falo, titular de Sarmiento, en rueda de prensa.<\/p>\n<p>La \u00faltima actuaci\u00f3n de P\u00e9rez fue la semana pasada, en el partido amistoso entre el Inter Miami de Lionel Messi y Newell&#8217;s, club del que surgi\u00f3 y para el que en esta oportunidad jug\u00f3 como invitado especial.<\/p>\n<p>El volante debut\u00f3 en el conjunto rosarino en 2007 y luego pas\u00f3 por Emelec (Ecuador), Uni\u00f3n de Santa Fe y M\u00e1laga (Espa\u00f1a) antes de desembarcar en Boca, donde estuvo m\u00e1s de tres a\u00f1os y se convirti\u00f3 en referente.<\/p>\n<p>En la final de la Copa Libertadores 2018 ante River Plate fue uno de los jugadores que sufrieron consecuencias f\u00edsicas por la agresi\u00f3n de los hinchas \u00abmillonarios\u00bb al micro en el que viajaba el plantel boquense, situaci\u00f3n que desemboc\u00f3 en el traslado del encuentro al estadio Santiago Bernabeu del Real Madrid, en Espa\u00f1a.<\/p>\n<p>Tras salir de Boca jug\u00f3 en Independiente, luego volvi\u00f3 a Newell&#8217;s y para esta temporada se incorpor\u00f3 a Sarmiento, en el que jug\u00f3 apenas tres encuentros.<\/p>\n<p>Con la Selecci\u00f3n estuvo convocado durante el proceso del DT Jorge Sampaoli previo al Mundial de Rusia 2018.<\/p>\n<\/div>\n<div><\/div>\n<div><\/div>\n<h4>Foto de Pablo P\u00e9rez, quien anuncio que deja el f\u00fatbol<\/h4>\n","protected":false},"excerpt":{"rendered":"<p>El volante Pablo P\u00e9rez, ex Boca Juniors, Newell&#8217;s Old Boys y el seleccionado argentino, entre otros, se retir\u00f3 del f\u00fatbol profesional \u00abpor cuestiones personales\u00bb, seg\u00fan anunci\u00f3 el presidente de Sarmiento de Jun\u00edn, su actual equipo. \u00abEsta semana nos reunimos con Pablo P\u00e9rez y nos coment\u00f3 que no iba a seguir jugando por problemas personales y &hellip;<\/p>\n","protected":false},"author":2,"featured_media":6109,"comment_status":"open","ping_status":"open","sticky":false,"template":"","format":"standard","meta":{"footnotes":""},"categories":[5],"tags":[],"class_list":["post-6107","post","type-post","status-publish","format-standard","has-post-thumbnail","hentry","category-futbol"],"_links":{"self":[{"href":"https:\/\/www.sportchaco.com.ar\/index.php?rest_route=\/wp\/v2\/posts\/6107","targetHints":{"allow":["GET"]}}],"collection":[{"href":"https:\/\/www.sportchaco.com.ar\/index.php?rest_route=\/wp\/v2\/posts"}],"about":[{"href":"https:\/\/www.sportchaco.com.ar\/index.php?rest_route=\/wp\/v2\/types\/post"}],"author":[{"embeddable":true,"href":"https:\/\/www.sportchaco.com.ar\/index.php?rest_route=\/wp\/v2\/users\/2"}],"replies":[{"embeddable":true,"href":"https:\/\/www.sportchaco.com.ar\/index.php?rest_route=%2Fwp%2Fv2%2Fcomments&post=6107"}],"version-history":[{"count":2,"href":"https:\/\/www.sportchaco.com.ar\/index.php?rest_route=\/wp\/v2\/posts\/6107\/revisions"}],"predecessor-version":[{"id":6110,"href":"https:\/\/www.sportchaco.com.ar\/index.php?rest_route=\/wp\/v2\/posts\/6107\/revisions\/6110"}],"wp:featuredmedia":[{"embeddable":true,"href":"https:\/\/www.sportchaco.com.ar\/index.php?rest_route=\/wp\/v2\/media\/6109"}],"wp:attachment":[{"href":"https:\/\/www.sportchaco.com.ar\/index.php?rest_route=%2Fwp%2Fv2%2Fmedia&parent=6107"}],"wp:term":[{"taxonomy":"category","embeddable":true,"href":"https:\/\/www.sportchaco.com.ar\/index.php?rest_route=%2Fwp%2Fv2%2Fcategories&post=6107"},{"taxonomy":"post_tag","embeddable":true,"href":"https:\/\/www.sportchaco.com.ar\/index.php?rest_route=%2Fwp%2Fv2%2Ftags&post=6107"}],"curies":[{"name":"wp","href":"https:\/\/api.w.org\/{rel}","templated":true}]}}