{"id":6117,"date":"2024-02-24T13:50:43","date_gmt":"2024-02-24T16:50:43","guid":{"rendered":"https:\/\/www.sportchaco.com.ar\/?p=6117"},"modified":"2024-03-11T10:24:01","modified_gmt":"2024-03-11T13:24:01","slug":"la-chaquena-veronica-acevedo-participara-de-la-competencia-amateur-en-las-olimpiadas-paris-2024","status":"publish","type":"post","link":"https:\/\/www.sportchaco.com.ar\/?p=6117","title":{"rendered":"La chaque\u00f1a Ver\u00f3nica Acevedo participar\u00e1 de la competencia amateur en las Olimpiadas Par\u00eds 2024"},"content":{"rendered":"<p>24-02-24Ver\u00f3nica Acevedo, de la \u00fanica chaque\u00f1a que ingres\u00f3 al selecto grupo de casi 40 mil corredores amateurs que podr\u00e1n correr un marat\u00f3n ol\u00edmpico. Es decir, correr\u00e1n el mismo circuito que los atletas de \u00e9lite, durante los Juegos Ol\u00edmpicos de Par\u00eds 2024, el pr\u00f3ximo 10 de agosto.<\/p>\n<p><img loading=\"lazy\" decoding=\"async\" class=\"alignnone size-medium wp-image-6459\" src=\"https:\/\/www.sportchaco.com.ar\/wp-content\/uploads\/2024\/03\/Feb-1-300x250.jpeg\" alt=\"\" width=\"300\" height=\"250\" srcset=\"https:\/\/www.sportchaco.com.ar\/wp-content\/uploads\/2024\/03\/Feb-1-300x250.jpeg 300w, https:\/\/www.sportchaco.com.ar\/wp-content\/uploads\/2024\/03\/Feb-1-1024x854.jpeg 1024w, https:\/\/www.sportchaco.com.ar\/wp-content\/uploads\/2024\/03\/Feb-1-768x640.jpeg 768w, https:\/\/www.sportchaco.com.ar\/wp-content\/uploads\/2024\/03\/Feb-1.jpeg 1250w\" sizes=\"auto, (max-width: 300px) 100vw, 300px\" \/><\/p>\n<p>A trav\u00e9s de la aplicaci\u00f3n \u00abMarathon Pour Tous Paris 2024\u00bb (Marat\u00f3n Para Todos), llamada as\u00ed por ser la primera ocasi\u00f3n en que atletas aficionados participar\u00e1n de una olimp\u00edada, la organizaci\u00f3n abri\u00f3 esa posibilidad a corredores de todo el mundo. Mediante la aplicaci\u00f3n, el corredor deb\u00eda enfrentar una serie de desaf\u00edos, los que Ver\u00f3nica logr\u00f3 superar para ingresar en el sorteo y ser una de los 40 mil corredores seleccionados.<\/p>\n<p>\u00abEn octubre del a\u00f1o 2022 me enter\u00e9 que, en la marat\u00f3n de los Juegos Ol\u00edmpicos, por primera vez participar\u00edan corredores amateurs. Comenc\u00e9 a investigar y descubr\u00ed c\u00f3mo hacer para conseguir un lugar. Baj\u00e9 una aplicaci\u00f3n que, mes a mes, propon\u00eda desaf\u00edos para poder acceder a un dorsal, es decir un n\u00famero de corredor, y participar de la competencia\u00bb, explic\u00f3 Acevedo.<\/p>\n<p>Fue as\u00ed que, el pasado 2 de agosto, recibi\u00f3 el correo electr\u00f3nico en el cual le comunicaron que gan\u00f3 su dorsal para participar de la Marat\u00f3n.<\/p>\n<p>\u00abSoy la \u00fanica chaque\u00f1a que consigui\u00f3 un lugar. Lo que significa que, sin ser una atleta de \u00e9lite, podr\u00e9 hacer el mismo recorrido que har\u00e1n los atletas en los Juegos Ol\u00edmpicos de Par\u00eds 2024\u00bb, cont\u00f3 emocionada.<\/p>\n<p>Seguidamente manifest\u00f3 su emoci\u00f3n: \u00abRealmente para m\u00ed es cumplir un sue\u00f1o. Estoy muy emocionada y entrenando todos los d\u00edas\u00bb.<\/p>\n<p>Ver\u00f3nica Acevedo es contadora p\u00fablica, profesora de Yoga y maestra Reiki. Tiene 49 a\u00f1os y hace tres a\u00f1os que corre. Su primera carrera fue el Cruce de los Andes Columbia 2021. As\u00ed comenz\u00f3 en el mundo del running ahora entrenando junto al equipo eMeBe Running Group, bajo la instrucci\u00f3n de Mart\u00edn \u00abEl Chapu\u00bb Bueno.<\/p>\n<p>\u00abDesde que comenc\u00e9 a correr mi vida cambi\u00f3 rotundamente. Compet\u00ed en varias carreras, entre las que destaco las Media Maratones de Buenos Aires y R\u00edo de Janeiro, adem\u00e1s de la misma distancia en Utacch, una carrera de monta\u00f1a que se corre en Villa Yacanto, C\u00f3rdoba\u00bb, relat\u00f3 Ver\u00f3nica y a\u00f1adi\u00f3 que particip\u00f3 de varias carreras de monta\u00f1as y en la selva misionera.<\/p>\n<p>Finalmente, la corredora explic\u00f3 que no busca hacer marcas: \u00abSoy de las corredoras que llega \u00faltima, pero con una sonrisa inmensa y el coraz\u00f3n infinitamente feliz\u00bb, concluy\u00f3.<\/p>\n<p>Ahora viene su gran desaf\u00edo: concretar los 42.195 km por primera vez en su vida, nada m\u00e1s ni nada menos en la ciudad de la Torre Eiffel durante los Juegos Ol\u00edmpicos.<\/p>\n<p><em><strong>Fuente:<\/strong><\/em> <strong>Diario NORTE<\/strong><\/p>\n","protected":false},"excerpt":{"rendered":"<p>24-02-24Ver\u00f3nica Acevedo, de la \u00fanica chaque\u00f1a que ingres\u00f3 al selecto grupo de casi 40 mil corredores amateurs que podr\u00e1n correr un marat\u00f3n ol\u00edmpico. Es decir, correr\u00e1n el mismo circuito que los atletas de \u00e9lite, durante los Juegos Ol\u00edmpicos de Par\u00eds 2024, el pr\u00f3ximo 10 de agosto. A trav\u00e9s de la aplicaci\u00f3n \u00abMarathon Pour Tous Paris &hellip;<\/p>\n","protected":false},"author":3,"featured_media":6118,"comment_status":"open","ping_status":"open","sticky":false,"template":"","format":"standard","meta":{"footnotes":""},"categories":[63,8],"tags":[],"class_list":["post-6117","post","type-post","status-publish","format-standard","has-post-thumbnail","hentry","category-atletismo","category-sport-nea"],"_links":{"self":[{"href":"https:\/\/www.sportchaco.com.ar\/index.php?rest_route=\/wp\/v2\/posts\/6117","targetHints":{"allow":["GET"]}}],"collection":[{"href":"https:\/\/www.sportchaco.com.ar\/index.php?rest_route=\/wp\/v2\/posts"}],"about":[{"href":"https:\/\/www.sportchaco.com.ar\/index.php?rest_route=\/wp\/v2\/types\/post"}],"author":[{"embeddable":true,"href":"https:\/\/www.sportchaco.com.ar\/index.php?rest_route=\/wp\/v2\/users\/3"}],"replies":[{"embeddable":true,"href":"https:\/\/www.sportchaco.com.ar\/index.php?rest_route=%2Fwp%2Fv2%2Fcomments&post=6117"}],"version-history":[{"count":2,"href":"https:\/\/www.sportchaco.com.ar\/index.php?rest_route=\/wp\/v2\/posts\/6117\/revisions"}],"predecessor-version":[{"id":6748,"href":"https:\/\/www.sportchaco.com.ar\/index.php?rest_route=\/wp\/v2\/posts\/6117\/revisions\/6748"}],"wp:featuredmedia":[{"embeddable":true,"href":"https:\/\/www.sportchaco.com.ar\/index.php?rest_route=\/wp\/v2\/media\/6118"}],"wp:attachment":[{"href":"https:\/\/www.sportchaco.com.ar\/index.php?rest_route=%2Fwp%2Fv2%2Fmedia&parent=6117"}],"wp:term":[{"taxonomy":"category","embeddable":true,"href":"https:\/\/www.sportchaco.com.ar\/index.php?rest_route=%2Fwp%2Fv2%2Fcategories&post=6117"},{"taxonomy":"post_tag","embeddable":true,"href":"https:\/\/www.sportchaco.com.ar\/index.php?rest_route=%2Fwp%2Fv2%2Ftags&post=6117"}],"curies":[{"name":"wp","href":"https:\/\/api.w.org\/{rel}","templated":true}]}}