{"id":6148,"date":"2024-02-25T18:22:50","date_gmt":"2024-02-25T21:22:50","guid":{"rendered":"https:\/\/www.sportchaco.com.ar\/?p=6148"},"modified":"2024-02-25T18:22:50","modified_gmt":"2024-02-25T21:22:50","slug":"el-zonal-arrancara-en-saenz-pena","status":"publish","type":"post","link":"https:\/\/www.sportchaco.com.ar\/?p=6148","title":{"rendered":"El zonal arrancar\u00e1 en S\u00e1enz Pe\u00f1a"},"content":{"rendered":"<header class=\"mh-header\">\n<div class=\"header-wrap clearfix\">\n<div class=\"mh-col mh-1-3 header-logo\">\n<div class=\"logo-wrap\" role=\"banner\">Fuente<img loading=\"lazy\" decoding=\"async\" src=\"https:\/\/www.ecodeportivo.com.ar\/img\/2022\/04\/cropped-2022.jpg\" alt=\"EcoDeportivo\" width=\"276\" height=\"132\" \/><\/div>\n<\/div>\n<aside id=\"media_image-59\" class=\"mh-col mh-2-3 widget_media_image\"><\/aside>\n<\/div>\n<div class=\"header-menu clearfix\">\n<nav class=\"main-nav clearfix\">\n<div class=\"menu-principal-container\"><\/div>\n<\/nav>\n<div class=\"header-sub clearfix\">\n<div id=\"ticker\" class=\"news-ticker mh-col mh-2-3 clearfix\">\n<p>&nbsp;<\/p>\n<\/div>\n<aside class=\"mh-col mh-1-3 header-search\"><\/aside>\n<\/div>\n<\/div>\n<\/header>\n<div class=\"mh-section mh-group\">\n<div id=\"main-content\" class=\"mh-content\" role=\"main\">\n<nav class=\"breadcrumb\"><\/nav>\n<article id=\"post-38257\" class=\"post-38257 post type-post status-publish format-standard has-post-thumbnail hentry category-automovilismo\">\n<header class=\"entry-header clearfix\">\n<h1 class=\"entry-title\">FINALMENTE EL ZONAL SE CORRER\u00c1 EN S\u00c1ENZ PE\u00d1A EN MARZO<\/h1>\n<\/header>\n<div class=\"entry-thumbnail\"><img loading=\"lazy\" decoding=\"async\" class=\"attachment-content-single size-content-single wp-post-image\" src=\"https:\/\/www.ecodeportivo.com.ar\/img\/2022\/08\/apich-aereo-777x437.jpg\" sizes=\"auto, (max-width: 777px) 100vw, 777px\" srcset=\"https:\/\/www.ecodeportivo.com.ar\/img\/2022\/08\/apich-aereo-777x437.jpg 777w, https:\/\/www.ecodeportivo.com.ar\/img\/2022\/08\/apich-aereo-300x169.jpg 300w, https:\/\/www.ecodeportivo.com.ar\/img\/2022\/08\/apich-aereo-1024x576.jpg 1024w, https:\/\/www.ecodeportivo.com.ar\/img\/2022\/08\/apich-aereo-768x432.jpg 768w, https:\/\/www.ecodeportivo.com.ar\/img\/2022\/08\/apich-aereo-180x101.jpg 180w, https:\/\/www.ecodeportivo.com.ar\/img\/2022\/08\/apich-aereo-260x146.jpg 260w, https:\/\/www.ecodeportivo.com.ar\/img\/2022\/08\/apich-aereo-373x210.jpg 373w, https:\/\/www.ecodeportivo.com.ar\/img\/2022\/08\/apich-aereo-120x67.jpg 120w, https:\/\/www.ecodeportivo.com.ar\/img\/2022\/08\/apich-aereo.jpg 1260w\" alt=\"\" width=\"777\" height=\"437\" \/><\/div>\n<p class=\"entry-meta\">\n<div class=\"entry-content clearfix\">\n<p>Cuando Villa \u00c1ngela se preparaba para ser escenario del cierre de la temporada 2023 del Campeonato Zonal de Automovilismo, finalmente la competencia ser\u00e1 en el circuito de APICH de Presidencia Roque S\u00e1enz Pe\u00f1a, a partir de un pedido del intendente Bruno Cipolini y en el marco del aniversario de la ciudad.<\/p>\n<p>En principio la fecha tentativa del 16 y 17 de marzo se mantiene para cumplir con la doble jornada de carrera que permitir\u00e1 poner fin al calendario del a\u00f1o pasado que qued\u00f3 inconcluso, luego de las tres carreras realizadas en Machagai y las dos que se cumplieron en la Termal.<\/p>\n<p>Si bien en las \u00faltimas dos semanas se obtuvo el compromiso del intendente de Villa \u00c1ngela, Adalberto Papp, de acompa\u00f1ar en lo necesario al Club Alvear y a la Federaci\u00f3n Chaque\u00f1a de Automovilismo Deportivo para concretar en el circuito \u201cJos\u00e9 Froil\u00e1n Gonz\u00e1lez\u201d la competencia, en las \u00faltimas horas todo cambi\u00f3.<\/p>\n<p><a href=\"https:\/\/www.ecodeportivo.com.ar\/img\/2023\/08\/apich-boxes.jpg\"><img loading=\"lazy\" decoding=\"async\" class=\"alignnone size-full wp-image-35077\" src=\"https:\/\/www.ecodeportivo.com.ar\/img\/2023\/08\/apich-boxes.jpg\" sizes=\"auto, (max-width: 1260px) 100vw, 1260px\" srcset=\"https:\/\/www.ecodeportivo.com.ar\/img\/2023\/08\/apich-boxes.jpg 1260w, https:\/\/www.ecodeportivo.com.ar\/img\/2023\/08\/apich-boxes-300x180.jpg 300w, https:\/\/www.ecodeportivo.com.ar\/img\/2023\/08\/apich-boxes-1024x614.jpg 1024w, https:\/\/www.ecodeportivo.com.ar\/img\/2023\/08\/apich-boxes-768x461.jpg 768w\" alt=\"\" width=\"1260\" height=\"756\" \/><\/a><\/p>\n<p>Tambi\u00e9n desde el Instituto del Deporte Chaque\u00f1o su presidente Fabio V\u00e1zquez se acerc\u00f3 a esa ciudad del sudoeste para ratificar el acompa\u00f1amiento del estado provincial para que la prueba pueda desarrollarse. De hecho, personal y maquinaria de Vialidad Provincial ya estaban trabajando en el piso del trazado.<\/p>\n<p>Sin embargo, el propio V\u00e1zquez se contact\u00f3 con el presidente de la Federaci\u00f3n Chaque\u00f1a en la tarde del s\u00e1bado y le dijo que la competencia se deber\u00eda trasladar a S\u00e1enz Pe\u00f1a, y desarrollarla en el marco de actividades previstas por el 112\u00ba Aniversario de la ciudad.<\/p>\n<p>As\u00ed, el circuito de Apich albergar\u00e1 a la Clase 1, Clase 2 y TC Chaque\u00f1o para el premio coronaci\u00f3n, en la segunda quincena de marzo. Mientras tanto, se aguarda que el clima acompa\u00f1e con alguna lluvia abundante para recuperar los reservorios y garantizar la humedad del piso.<\/p>\n<\/div>\n<\/article>\n<\/div>\n<\/div>\n","protected":false},"excerpt":{"rendered":"<p>Fuente &nbsp; FINALMENTE EL ZONAL SE CORRER\u00c1 EN S\u00c1ENZ PE\u00d1A EN MARZO Cuando Villa \u00c1ngela se preparaba para ser escenario del cierre de la temporada 2023 del Campeonato Zonal de Automovilismo, finalmente la competencia ser\u00e1 en el circuito de APICH de Presidencia Roque S\u00e1enz Pe\u00f1a, a partir de un pedido del intendente Bruno Cipolini y &hellip;<\/p>\n","protected":false},"author":2,"featured_media":6146,"comment_status":"open","ping_status":"open","sticky":false,"template":"","format":"standard","meta":{"footnotes":""},"categories":[2],"tags":[],"class_list":["post-6148","post","type-post","status-publish","format-standard","has-post-thumbnail","hentry","category-automovilismo"],"_links":{"self":[{"href":"https:\/\/www.sportchaco.com.ar\/index.php?rest_route=\/wp\/v2\/posts\/6148","targetHints":{"allow":["GET"]}}],"collection":[{"href":"https:\/\/www.sportchaco.com.ar\/index.php?rest_route=\/wp\/v2\/posts"}],"about":[{"href":"https:\/\/www.sportchaco.com.ar\/index.php?rest_route=\/wp\/v2\/types\/post"}],"author":[{"embeddable":true,"href":"https:\/\/www.sportchaco.com.ar\/index.php?rest_route=\/wp\/v2\/users\/2"}],"replies":[{"embeddable":true,"href":"https:\/\/www.sportchaco.com.ar\/index.php?rest_route=%2Fwp%2Fv2%2Fcomments&post=6148"}],"version-history":[{"count":1,"href":"https:\/\/www.sportchaco.com.ar\/index.php?rest_route=\/wp\/v2\/posts\/6148\/revisions"}],"predecessor-version":[{"id":6149,"href":"https:\/\/www.sportchaco.com.ar\/index.php?rest_route=\/wp\/v2\/posts\/6148\/revisions\/6149"}],"wp:featuredmedia":[{"embeddable":true,"href":"https:\/\/www.sportchaco.com.ar\/index.php?rest_route=\/wp\/v2\/media\/6146"}],"wp:attachment":[{"href":"https:\/\/www.sportchaco.com.ar\/index.php?rest_route=%2Fwp%2Fv2%2Fmedia&parent=6148"}],"wp:term":[{"taxonomy":"category","embeddable":true,"href":"https:\/\/www.sportchaco.com.ar\/index.php?rest_route=%2Fwp%2Fv2%2Fcategories&post=6148"},{"taxonomy":"post_tag","embeddable":true,"href":"https:\/\/www.sportchaco.com.ar\/index.php?rest_route=%2Fwp%2Fv2%2Ftags&post=6148"}],"curies":[{"name":"wp","href":"https:\/\/api.w.org\/{rel}","templated":true}]}}