{"id":6173,"date":"2024-02-26T12:36:08","date_gmt":"2024-02-26T15:36:08","guid":{"rendered":"https:\/\/www.sportchaco.com.ar\/?p=6173"},"modified":"2024-02-26T12:36:08","modified_gmt":"2024-02-26T15:36:08","slug":"sebastian-baez-500-puntos-y-392-mil-dolares-en-rio","status":"publish","type":"post","link":"https:\/\/www.sportchaco.com.ar\/?p=6173","title":{"rendered":"Sebasti\u00e1n B\u00e1ez 500 puntos y 392 mil d\u00f3lares en R\u00edo"},"content":{"rendered":"<div class=\"lay --apertura\">\n<div class=\"row\">\n<div class=\"col-12\">\n<div class=\"hidden\">\n<h1 class=\"com-title --font-primary --sixxl --font-extra\">Sebasti\u00e1n B\u00e1ez, campe\u00f3n del ATP 500 de R\u00edo de Janeiro con una tarea impactante de principio a fin frente a Mariano Navone: ambos alcanzar\u00e1n su mejor ranking<\/h1>\n<\/div>\n<\/div>\n<\/div>\n<\/div>\n<div class=\"lay-sidebar\">\n<div class=\"sidebar__main\">\n<div class=\"row\">\n<div class=\"col-12 \">\n<div class=\"hidden\">\n<h2 class=\"com-subhead --bajada --m-xs-\">En una definici\u00f3n 100 por ciento argentina, el jugador de Billinghurst conquist\u00f3 su quinto ATP<\/h2>\n<\/div>\n<div class=\"hidden\"><\/div>\n<div class=\"hidden\">\n<div class=\"row FirmaAutor\">\n<div class=\"col-12\">\n<section class=\"mod-autor\">\n<div class=\"container-img\"><\/div>\n<div class=\"container-text\">\n<div class=\"container-firma\"><span style=\"color: #000000;\"><a class=\"com-link --autor\" style=\"color: #000000;\" title=\"Ir a notas de Sebasti\u00e1n Torok\" href=\"https:\/\/www.lanacion.com.ar\/autor\/sebastian-torok-222\/\">Fuente: Sebasti\u00e1n Torok &#8211; <\/a><span class=\"com-text --medio\">LA NACION<\/span><\/span><\/div>\n<\/div>\n<\/section>\n<\/div>\n<\/div>\n<\/div>\n<div class=\"hidden\">\n<section class=\"mod-opening\">\n<div class=\"content-media\">\n<section id=\"BFM2JRNFHVDIFNKBFCXNNYV2YA\" class=\"mod-media   \" role=\"button\">\n<figure class=\"mod-figure --horizontal\" role=\"button\">\n<div class=\"placeholder \">\n<div class=\"com-image\"><picture><source srcset=\"https:\/\/www.lanacion.com.ar\/resizer\/v2\/la-alegria-de-sebastian-baez-tras-vencer-a-BFM2JRNFHVDIFNKBFCXNNYV2YA.JPG?auth=157ed4ae14ade6aa7a73248bfc26efd74bcbd6a5ebb37775aabb66070aacb0c3&amp;width=880&amp;height=586&amp;quality=70&amp;smart=false&amp;focal=1007,309\" media=\"(min-width: 768px)\" \/><img loading=\"lazy\" decoding=\"async\" class=\"image flex com-image --cover\" src=\"https:\/\/www.lanacion.com.ar\/resizer\/v2\/la-alegria-de-sebastian-baez-tras-vencer-a-BFM2JRNFHVDIFNKBFCXNNYV2YA.JPG?auth=157ed4ae14ade6aa7a73248bfc26efd74bcbd6a5ebb37775aabb66070aacb0c3&amp;width=420&amp;height=280&amp;quality=70&amp;smart=false&amp;focal=1007,309\" alt=\"La alegr\u00eda de Sebasti\u00e1n B\u00e1ez tras vencer a Mariano Navone y coronarse en el ATP 500 de R\u00edo de Janeiro, el m\u00e1s valioso de su carrera\" width=\"768\" height=\"513\" \/><\/picture><\/div>\n<\/div><figcaption class=\"mod-figcaption\"><span class=\"com-text --caption --twoxs\">La alegr\u00eda de Sebasti\u00e1n B\u00e1ez tras vencer a Mariano Navone y coronarse en el ATP 500 de R\u00edo de Janeiro, el m\u00e1s valioso de su carrera<\/span><span class=\"com-text --credit --twoxs\">Fotojump<\/span><\/figcaption><\/figure>\n<\/section>\n<\/div>\n<\/section>\n<\/div>\n<div class=\"hidden\"><\/div>\n<\/div>\n<\/div>\n<section class=\"cuerpo__nota\" data-mrf-recirculation=\"n_links\">\n<div class=\"row\">\n<div class=\"col-12 col-desksm-1\">\n<div class=\"mod-share-container --no-app\">\n<div class=\"mod-share --scroll\">\n<div id=\"v-share\" class=\"share\"><\/div>\n<\/div>\n<\/div>\n<\/div>\n<div class=\"col-deskxl-10 offset-deskxl-1 col-desksm-11\">\n<div class=\"row\">\n<div class=\"col-12\">\n<div id=\"audio-player-desktop\" class=\"btn-container\"><\/div>\n<p class=\"com-paragraph  --capital --s\">R\u00edo de Janeiro fue una fiesta para el tenis argentino. El\u00a0<mark class=\"hl_underline\">R\u00edo Open<\/mark>, en t\u00e9rminos num\u00e9ricos, el ATP sudamericano m\u00e1s importante, ya que es el \u00fanico de categor\u00eda 500, se ti\u00f1\u00f3 de celeste y blanco. Celebr\u00f3\u00a0<mark class=\"hl_underline\">Sebasti\u00e1n B\u00e1ez<\/mark>\u00a0(23 a\u00f1os) al conquistar el quinto trofeo individual de su carrera, el primero por encima del nivel 250. Y festej\u00f3\u00a0<mark class=\"hl_underline\">Mariano Navone<\/mark>\u00a0(22), que el fin de semana pasado entr\u00f3 en la clasificaci\u00f3n del torneo carioca todav\u00eda sin \u00e9xitos a nivel ATP, siendo el 113\u00b0 del mundo, y, sin embargo, se marcha con cuatro triunfos en el cuadro principal y asegur\u00e1ndose un contundente salto en el ranking, hasta el 60\u00b0.<\/p>\n<div class=\"hidden\"><\/div>\n<div class=\"hidden\"><\/div>\n<div class=\"content-media\">\n<section class=\"mod-media --zoom  \" role=\"button\">\n<figure class=\"mod-figure \" role=\"button\">\n<div class=\"placeholder \">\n<div class=\"com-image\"><picture><source srcset=\"https:\/\/resizer.glanacion.com\/resizer\/v2\/baez-el-campeon-de-rio-navone-el-finalista-en-la-PHYYJ72E65F45CXAFYA53LMTA4.JPG?auth=cdb530f46355e5f8ca1d29cd45232b5f4dce3414d831bea32d4e71a1acfc9d67&amp;width=780&amp;height=520&amp;quality=70&amp;smart=true\" media=\"(min-width: 768px)\" \/><img loading=\"lazy\" decoding=\"async\" class=\"image flex com-image --cover\" src=\"https:\/\/resizer.glanacion.com\/resizer\/v2\/baez-el-campeon-de-rio-navone-el-finalista-en-la-PHYYJ72E65F45CXAFYA53LMTA4.JPG?auth=cdb530f46355e5f8ca1d29cd45232b5f4dce3414d831bea32d4e71a1acfc9d67&amp;width=420&amp;height=280&amp;quality=70&amp;smart=true\" alt=\"B\u00e1ez, el campe\u00f3n de R\u00edo, Navone, el finalista, en la premiaci\u00f3n con dos figuras: David Ferrer y Guga Kuerten\" width=\"2000\" height=\"1334\" \/><\/picture><\/div>\n<\/div><figcaption class=\"mod-figcaption\"><span class=\"com-text --caption --twoxs\">B\u00e1ez, el campe\u00f3n de R\u00edo, Navone, el finalista, en la premiaci\u00f3n con dos figuras: David Ferrer y Guga Kuerten<\/span><span class=\"com-text --credit --twoxs\">Fotojump<\/span><\/figcaption><\/figure>\n<\/section>\n<\/div>\n<\/div>\n<\/div>\n<\/div>\n<\/div>\n<\/section>\n<\/div>\n<\/div>\n","protected":false},"excerpt":{"rendered":"<p>Sebasti\u00e1n B\u00e1ez, campe\u00f3n del ATP 500 de R\u00edo de Janeiro con una tarea impactante de principio a fin frente a Mariano Navone: ambos alcanzar\u00e1n su mejor ranking En una definici\u00f3n 100 por ciento argentina, el jugador de Billinghurst conquist\u00f3 su quinto ATP Fuente: Sebasti\u00e1n Torok &#8211; LA NACION La alegr\u00eda de Sebasti\u00e1n B\u00e1ez tras vencer &hellip;<\/p>\n","protected":false},"author":2,"featured_media":0,"comment_status":"open","ping_status":"open","sticky":false,"template":"","format":"standard","meta":{"footnotes":""},"categories":[46],"tags":[],"class_list":["post-6173","post","type-post","status-publish","format-standard","hentry","category-tenis"],"_links":{"self":[{"href":"https:\/\/www.sportchaco.com.ar\/index.php?rest_route=\/wp\/v2\/posts\/6173","targetHints":{"allow":["GET"]}}],"collection":[{"href":"https:\/\/www.sportchaco.com.ar\/index.php?rest_route=\/wp\/v2\/posts"}],"about":[{"href":"https:\/\/www.sportchaco.com.ar\/index.php?rest_route=\/wp\/v2\/types\/post"}],"author":[{"embeddable":true,"href":"https:\/\/www.sportchaco.com.ar\/index.php?rest_route=\/wp\/v2\/users\/2"}],"replies":[{"embeddable":true,"href":"https:\/\/www.sportchaco.com.ar\/index.php?rest_route=%2Fwp%2Fv2%2Fcomments&post=6173"}],"version-history":[{"count":1,"href":"https:\/\/www.sportchaco.com.ar\/index.php?rest_route=\/wp\/v2\/posts\/6173\/revisions"}],"predecessor-version":[{"id":6174,"href":"https:\/\/www.sportchaco.com.ar\/index.php?rest_route=\/wp\/v2\/posts\/6173\/revisions\/6174"}],"wp:attachment":[{"href":"https:\/\/www.sportchaco.com.ar\/index.php?rest_route=%2Fwp%2Fv2%2Fmedia&parent=6173"}],"wp:term":[{"taxonomy":"category","embeddable":true,"href":"https:\/\/www.sportchaco.com.ar\/index.php?rest_route=%2Fwp%2Fv2%2Fcategories&post=6173"},{"taxonomy":"post_tag","embeddable":true,"href":"https:\/\/www.sportchaco.com.ar\/index.php?rest_route=%2Fwp%2Fv2%2Ftags&post=6173"}],"curies":[{"name":"wp","href":"https:\/\/api.w.org\/{rel}","templated":true}]}}