{"id":6202,"date":"2024-02-26T23:33:44","date_gmt":"2024-02-27T02:33:44","guid":{"rendered":"https:\/\/www.sportchaco.com.ar\/?p=6202"},"modified":"2024-02-26T23:33:44","modified_gmt":"2024-02-27T02:33:44","slug":"osella-es-la-peor-produccion-desde-que-estoy-a-cargo-del-equipo","status":"publish","type":"post","link":"https:\/\/www.sportchaco.com.ar\/?p=6202","title":{"rendered":"Osella: \u00abEs la peor producci\u00f3n desde que estoy a cargo del equipo\u00bb"},"content":{"rendered":"<p>El director t\u00e9cnico de Chaco For Ever, Diego Osella, habl\u00f3 en conferencia de prensa tras la derrota ante Deportivo Mor\u00f3n y dej\u00f3 en claro su an\u00e1lisis con respecto al presente del \u00abalbinegro\u00bb.<\/p>\n<p>\u00abEs duro fundamentalmente por lo que hicimos. Creo que fue la peor versi\u00f3n nuestra desde que estamos ac\u00e1, se confirma con el descontento de la gente y con una actuaci\u00f3n donde fuimos superados por el rival.\u00a0Terminamos perdiendo de manera justa\u00bb, se\u00f1al\u00f3.<\/p>\n<p>Con respecto a su futuro, dijo: \u00abVamos a hablar. Llevamos jugadas tres fechas y media. Nadie esperaba este arranque, menos nosotros. Hablaremos con H\u00e9ctor G\u00f3mez. Es d\u00edficil ver a For Ever de local en esta situaci\u00f3n. No fue as\u00ed ni en el peor momento el a\u00f1o pasado. Hoy mostramos una versi\u00f3n muy baja. No es por caerle a nadie, es mi an\u00e1lisis del partido, es total responsabilidad m\u00eda. El \u00fanico y principal responsable soy yo\u00bb.<\/p>\n<p>Tambi\u00e9n se refiri\u00f3 particularmente al presente del equipo. \u00abIntentamos encontrarle una explicaci\u00f3n. Probamos de todas maneras. La gente tiene toda su raz\u00f3n con su malestar. Me insultaron las diez mil personas presentes y tienen raz\u00f3n. Es el entrenador el que no da la versi\u00f3n. Cuando el equipo no funciona, no esquivo la responsabilidad. Intento hacer un an\u00e1lisis coherente\u00bb, remarc\u00f3<em>.<\/em><\/p>\n<p>Luego volvi\u00f3 a ampliar sobre sus \u00abfuerzas\u00bb para seguir a cargo del plantel. \u00abYo siempre tengo fuerzas. Esta versi\u00f3n es fea, pero hay que replantearle. Hablar\u00e9 con el presidente en el transcurso de esto d\u00edas. El resultado importa y mucho, pero la producci\u00f3n es lo que m\u00e1s me preocupa. Si me dec\u00eds a m\u00ed, vamos para adelante. Tengo la capacidad y la ilusi\u00f3n de que este equipo va a arrancar. No me entrego nunca, pero si me dicen que de un paso al costado, lo har\u00e9. Lo \u00faltimo que quiero hacer es da\u00f1o a For Ever\u00bb.<\/p>\n<p><em><strong>Fuente:<\/strong> Programa Offside<\/em><\/p>\n","protected":false},"excerpt":{"rendered":"<p>El director t\u00e9cnico de Chaco For Ever, Diego Osella, habl\u00f3 en conferencia de prensa tras la derrota ante Deportivo Mor\u00f3n y dej\u00f3 en claro su an\u00e1lisis con respecto al presente del \u00abalbinegro\u00bb. \u00abEs duro fundamentalmente por lo que hicimos. Creo que fue la peor versi\u00f3n nuestra desde que estamos ac\u00e1, se confirma con el descontento &hellip;<\/p>\n","protected":false},"author":3,"featured_media":3100,"comment_status":"open","ping_status":"open","sticky":false,"template":"","format":"standard","meta":{"footnotes":""},"categories":[5],"tags":[],"class_list":["post-6202","post","type-post","status-publish","format-standard","has-post-thumbnail","hentry","category-futbol"],"_links":{"self":[{"href":"https:\/\/www.sportchaco.com.ar\/index.php?rest_route=\/wp\/v2\/posts\/6202","targetHints":{"allow":["GET"]}}],"collection":[{"href":"https:\/\/www.sportchaco.com.ar\/index.php?rest_route=\/wp\/v2\/posts"}],"about":[{"href":"https:\/\/www.sportchaco.com.ar\/index.php?rest_route=\/wp\/v2\/types\/post"}],"author":[{"embeddable":true,"href":"https:\/\/www.sportchaco.com.ar\/index.php?rest_route=\/wp\/v2\/users\/3"}],"replies":[{"embeddable":true,"href":"https:\/\/www.sportchaco.com.ar\/index.php?rest_route=%2Fwp%2Fv2%2Fcomments&post=6202"}],"version-history":[{"count":1,"href":"https:\/\/www.sportchaco.com.ar\/index.php?rest_route=\/wp\/v2\/posts\/6202\/revisions"}],"predecessor-version":[{"id":6204,"href":"https:\/\/www.sportchaco.com.ar\/index.php?rest_route=\/wp\/v2\/posts\/6202\/revisions\/6204"}],"wp:featuredmedia":[{"embeddable":true,"href":"https:\/\/www.sportchaco.com.ar\/index.php?rest_route=\/wp\/v2\/media\/3100"}],"wp:attachment":[{"href":"https:\/\/www.sportchaco.com.ar\/index.php?rest_route=%2Fwp%2Fv2%2Fmedia&parent=6202"}],"wp:term":[{"taxonomy":"category","embeddable":true,"href":"https:\/\/www.sportchaco.com.ar\/index.php?rest_route=%2Fwp%2Fv2%2Fcategories&post=6202"},{"taxonomy":"post_tag","embeddable":true,"href":"https:\/\/www.sportchaco.com.ar\/index.php?rest_route=%2Fwp%2Fv2%2Ftags&post=6202"}],"curies":[{"name":"wp","href":"https:\/\/api.w.org\/{rel}","templated":true}]}}