{"id":6209,"date":"2024-02-27T12:40:35","date_gmt":"2024-02-27T15:40:35","guid":{"rendered":"https:\/\/www.sportchaco.com.ar\/?p=6209"},"modified":"2024-02-27T12:40:35","modified_gmt":"2024-02-27T15:40:35","slug":"el-salvador-y-costa-rica-rivales-de-argentina","status":"publish","type":"post","link":"https:\/\/www.sportchaco.com.ar\/?p=6209","title":{"rendered":"El Salvador y Costa Rica rivales de Argentina"},"content":{"rendered":"<article class=\"article-full section\">\n<div class=\"section-2-col article-header\">\n<div class=\"col 2-col\">\n<h6 class=\"h4 ff-16px-w700\">Ca\u00f3tica organizaci\u00f3n de los amistosos de marzo La Selecci\u00f3n Argentina tiene nuevo rival: sale Nigeria, entra Costa Rica. A menos de un mes de los partidos, finalmente cambiaron los escenarios y los dos rivales de los campeones del mundo.<\/h6>\n<div class=\"author\">\n<div class=\"author-inner\"><\/div>\n<\/div>\n<\/div>\n<\/div>\n<div class=\"section-2-col article-main-image\">\n<div class=\"col 1-col hide-on-mobile\">\n<div class=\"article-info \">\n<div class=\"sidebar-separator\"><\/div>\n<p>&nbsp;<\/p>\n<\/div>\n<\/div>\n<div class=\"col 2-col\">\n<div class=\"article-main-media-image__container\">\n<div class=\"image-wrapper\">\n<figure>\n<figure class=\"object-fit-block--contain intrinsic-container intrinsic-container-3x2\"><img decoding=\"async\" class=\" \" src=\"https:\/\/images.pagina12.com.ar\/styles\/focal_3_2_960x640\/public\/2024-02\/819030-000-34jx9z9.jpg?h=69f2b9d0&amp;itok=fn8CTlmJ\" alt=\"Lionel Scaloni y su tocayo, Messi. (Fuente: AFP)\" \/><\/figure><figcaption>Lionel Scaloni y su tocayo, Messi.. Imagen: AFP<\/figcaption><\/figure>\n<\/div>\n<\/div>\n<\/div>\n<\/div>\n<div class=\"section-2-col article-main-content\">\n<div class=\"col 1-col cxense-articles\"><\/div>\n<div class=\"col 2-col\">\n<div class=\"article-main-content article-text \">\n<p><span style=\"color: #000000;\">Iban a ser\u00a0Costa de Marfil y Nigeria,\u00a0<a style=\"color: #000000;\" href=\"https:\/\/www.pagina12.com.ar\/712043-costa-de-marfil-campeona-de-una-emotiva-copa-africana\">campe\u00f3n y subcampe\u00f3n de la reciente Copa Africana<\/a>&#8230; Pero terminaron siendo\u00a0El Salvador y Costa Rica\u00a0los pr\u00f3ximos rivales de la\u00a0Selecci\u00f3n Argentina\u00a0en la fecha FIFA de marzo.<\/span><\/p>\n<p><span style=\"color: #000000;\">La baja de Nigeria para el partido del\u00a026 de marzo en el estadio Coliseo de Los \u00c1ngeles, Estados Unidos, se confirm\u00f3 este martes y se dio a conocer casi que en simult\u00e1neo con la disponibilidad de Costa Rica, elenco dirigido por el rafaelino\u00a0Gustavo Alfaro.<\/span><\/p>\n<div id=\"talkFireEvent\"><\/div>\n<p><span style=\"color: #000000;\">De acuerdo a la AFA, el seleccionado africano conocido como Las S\u00faper \u00c1guilas tuvo\u00a0\u00abun problema administrativo con las visas\u00bb para ingresar a los Estados Unidos\u00a0por lo que ser\u00e1 reemplazado por la escuadra tica.<\/span><\/p>\n<div class=\"iframely-embed medium-embedded-content\" data-html=\"Jmx0O2Jsb2NrcXVvdGUgY2xhc3M9InR3aXR0ZXItdHdlZXQiIGRhdGEtZG50PSJ0cnVlIiBhbGlnbj0iY2VudGVyIiZndDsmbHQ7cCBsYW5nPSJlcyIgZGlyPSJsdHIiJmd0O8KhRm9ndWVvIGFtaXN0b3NvIGNvbnRyYSBsYSBzZWxlY2Npw7NuIGNhbXBlb25hIGRlbCBtdW5kbyDwn5Kq8J+Pu+Kave+4jyEmbHQ7YnImZ3Q7Jmx0O2JyJmd0O\/Cfh6jwn4e3IENvc3RhIFJpY2EgdnMgQXJnZW50aW5hIPCfh6bwn4e3Jmx0O2JyJmd0O\/Cfk4UgMjYgZGUgbWFyem8mbHQ7YnImZ3Q74o+wIDEwOjAwIHBtJmx0O2JyJmd0O\/Cfj5\/vuI8gRXN0YWRpbyBDb2xpc2VvLCBMb3Mgw4FuZ2VsZXMsIFVTQS4mbHQ7YSBocmVmPSJodHRwczovL3R3aXR0ZXIuY29tL2hhc2h0YWcvRkNSRj9zcmM9aGFzaCZhbXA7YW1wO3JlZl9zcmM9dHdzcmMlNUV0ZnciJmd0OyNGQ1JGJmx0Oy9hJmd0OyAmbHQ7YSBocmVmPSJodHRwczovL3R3aXR0ZXIuY29tL2hhc2h0YWcvTGFTZWxlP3NyYz1oYXNoJmFtcDthbXA7cmVmX3NyYz10d3NyYyU1RXRmdyImZ3Q7I0xhU2VsZSZsdDsvYSZndDsgJmx0O2EgaHJlZj0iaHR0cHM6Ly90LmNvL2NlcTZmajk3Z0ciJmd0O3BpYy50d2l0dGVyLmNvbS9jZXE2Zmo5N2dHJmx0Oy9hJmd0OyZsdDsvcCZndDsmYW1wO21kYXNoOyBGQ1JGIPCfh6jwn4e3IChAZmVkZWZ1dGJvbGNyYykgJmx0O2EgaHJlZj0iaHR0cHM6Ly90d2l0dGVyLmNvbS9mZWRlZnV0Ym9sY3JjL3N0YXR1cy8xNzYyNDc4NzgxNjU3MjM5NTk2P3JlZl9zcmM9dHdzcmMlNUV0ZnciJmd0O0ZlYnJ1YXJ5IDI3LCAyMDI0Jmx0Oy9hJmd0OyZsdDsvYmxvY2txdW90ZSZndDsKJmx0O3NjcmlwdCBhc3luYyBzcmM9Imh0dHBzOi8vcGxhdGZvcm0udHdpdHRlci5jb20vd2lkZ2V0cy5qcyIgY2hhcnNldD0idXRmLTgiJmd0OyZsdDsvc2NyaXB0Jmd0OwoKJmx0O2RpdiBjbGFzcz0ibWVkaXVtLWluc2VydC1lbWJlZHMtbWV0YSImZ3Q7Jmx0O3NjcmlwdCB0eXBlPSJ0ZXh0L2pzb24iJmd0O3sidXJsIjoiaHR0cHM6Ly90d2l0dGVyLmNvbS9mZWRlZnV0Ym9sY3JjL3N0YXR1cy8xNzYyNDc4NzgxNjU3MjM5NTk2IiwidHlwZSI6InJpY2giLCJ2ZXJzaW9uIjoiMS4wIiwidGl0bGUiOiJGQ1JGIPCfh6jwn4e3IG9uIFR3aXR0ZXIgLyBYIiwiYXV0aG9yIjoiRkNSRiDwn4eo8J+HtyIsImF1dGhvcl91cmwiOiJodHRwczovL3R3aXR0ZXIuY29tL2ZlZGVmdXRib2xjcmMiLCJwcm92aWRlcl9uYW1lIjoiVHdpdHRlciIsImRlc2NyaXB0aW9uIjoiwqFGb2d1ZW8gYW1pc3Rvc28gY29udHJhIGxhIHNlbGVjY2nDs24gY2FtcGVvbmEgZGVsIG11bmRvIPCfkqrwn4+74pq977iPIfCfh6jwn4e3IENvc3RhIFJpY2EgdnMgQXJnZW50aW5hIPCfh6bwn4e38J+ThSAyNiBkZSBtYXJ6b+KPsCAxMDowMCBwbfCfj5\/vuI8gRXN0YWRpbyBDb2xpc2VvLCBMb3Mgw4FuZ2VsZXMsIFVTQS4jRkNSRiAjTGFTZWxlIHBpYy50d2l0dGVyLmNvbS9jZXE2Zmo5N2dH4oCUIEZDUkYg8J+HqPCfh7cgKEBmZWRlZnV0Ym9sY3JjKSBGZWJydWFyeSAyNywgMjAyNFxuXG5cbiIsImNhY2hlX2FnZSI6ODY0MDAsIm9wdGlvbnMiOnsiX2hpZGVfbWVkaWEiOnsibGFiZWwiOiJIaWRlIHBob3RvcywgdmlkZW9zLCBhbmQgY2FyZHMiLCJ2YWx1ZSI6ZmFsc2V9LCJfdGhlbWUiOnsidmFsdWUiOiIiLCJ2YWx1ZXMiOnsiZGFyayI6IlVzZSBkYXJrIHRoZW1lIn19LCJfbWF4d2lkdGgiOnsidmFsdWUiOiIiLCJsYWJlbCI6IkFkanVzdCB3aWR0aCIsInBsYWNlaG9sZGVyIjoiMjIwLTU1MCwgaW4gcHgifX19Jmx0Oy9zY3JpcHQmZ3Q7Jmx0Oy9kaXYmZ3Q7\">\n<div class=\"iframely-embed\">\n<div class=\"iframely-responsive\"><\/div>\n<\/div>\n<\/div>\n<p><span style=\"color: #000000;\">La organizaci\u00f3n de la primera doble fecha de amistosos del a\u00f1o result\u00f3\u00a0un caos\u00a0para la Selecci\u00f3n campeona del mundo, que primero la\u00a0iba a jugar en China, posibilidad que se cay\u00f3 tras el\u00a0<a style=\"color: #000000;\" href=\"https:\/\/www.pagina12.com.ar\/713850-messi-volvio-a-aclarar-los-motivos-de-su-ausencia-en-el-part\">fallido paso de Lionel Messi\u00a0<\/a>y su Inter Miami por\u00a0Hong Kong.<\/span><\/p>\n<div class=\"slot-available\"><\/div>\n<h2>Rivales de menor fuste<\/h2>\n<p><b>El<\/b> cambio de escenario\u00a0-r\u00e1pidamente se confirm\u00f3 a Estados Unidos como nueva sede- finalmente conllev\u00f3 el cambio de los rivales, pactados desde hace tiempo. Primero fue\u00a0Costa de Marfil (39\u00ba del r\u00e1nking FIFA)\u00a0la que se baj\u00f3 tras coronarse continentalmente y\u00a0El Salvador (81\u00ba)\u00a0tom\u00f3 su lugar. Ahora la salida es la de\u00a0Nigeria (28\u00ba), reemplazada por\u00a0Costa Rica (54\u00ba).<\/p>\n<div><\/div>\n<p>As\u00ed las cosas, el primer amistoso ser\u00e1\u00a0ante El Salvador el 22 de marzo en el estadio Lincoln Financial Field de Philadelphia. Vale recordar que esta selecci\u00f3n centroamericana -jug\u00f3 los Mundiales de 1970 y 1982- est\u00e1 tomando cierta relevancia internacional, ya que hace poco enfrent\u00f3 justamente al Inter Miami como local en otro amistoso, algunas semanas antes de que se celebren las elecciones presidenciales en ese pa\u00eds, donde triunf\u00f3 ampliamente Nayib Bukele.<\/p>\n<div class=\"slot-available\"><\/div>\n<h2>Los amistosos de junio<\/h2>\n<p>Despu\u00e9s de la fecha FIFA de marzo, el seleccionado argentino, n\u00famero uno del r\u00e1nking FIFA,\u00a0volver\u00e1 Estados Unidos en junio para encarar la \u00faltima etapa de preparaci\u00f3n para la Copa Am\u00e9rica\u00a0que se jugar\u00e1 en territorio yanqui. La AFA confirm\u00f3 este lunes otros dos amistosos antes del certamen: contra\u00a0Ecuador (31\u00ba) el domingo 9 de junio\u00a0en el Soldier Field de Chicago y\u00a0el viernes 14 ante Guatemala (108\u00ba)\u00a0en el FedExField de Washington DC.<\/p>\n<\/div>\n<\/div>\n<\/div>\n<\/article>\n<div class=\"section\">\n<div class=\"section-2-col margin-bottom flex-on-mobile\">\n<div class=\"col 1-col\"><\/div>\n<div class=\"col 2-col\">\n<div class=\"newsletter theme--resumendelasemana\">\n<div class=\"newsletter-content\">\n<div class=\"left\"><\/div>\n<\/div>\n<div class=\"gradient\">Fuente: P\u00e1gina 12<\/div>\n<div class=\"img-wrapper\"><\/div>\n<\/div>\n<\/div>\n<\/div>\n<\/div>\n<div class=\"section no-print hide-on-mobile\">\n<div class=\"section-2-col margin-bottom flex-on-mobile\">\n<div class=\"col 1-col\"><\/div>\n<div class=\"col 2-col\"><\/div>\n<\/div>\n<\/div>\n","protected":false},"excerpt":{"rendered":"<p>Ca\u00f3tica organizaci\u00f3n de los amistosos de marzo La Selecci\u00f3n Argentina tiene nuevo rival: sale Nigeria, entra Costa Rica. A menos de un mes de los partidos, finalmente cambiaron los escenarios y los dos rivales de los campeones del mundo. &nbsp; Lionel Scaloni y su tocayo, Messi.. Imagen: AFP Iban a ser\u00a0Costa de Marfil y Nigeria,\u00a0campe\u00f3n &hellip;<\/p>\n","protected":false},"author":2,"featured_media":6210,"comment_status":"open","ping_status":"open","sticky":false,"template":"","format":"standard","meta":{"footnotes":""},"categories":[5],"tags":[],"class_list":["post-6209","post","type-post","status-publish","format-standard","has-post-thumbnail","hentry","category-futbol"],"_links":{"self":[{"href":"https:\/\/www.sportchaco.com.ar\/index.php?rest_route=\/wp\/v2\/posts\/6209","targetHints":{"allow":["GET"]}}],"collection":[{"href":"https:\/\/www.sportchaco.com.ar\/index.php?rest_route=\/wp\/v2\/posts"}],"about":[{"href":"https:\/\/www.sportchaco.com.ar\/index.php?rest_route=\/wp\/v2\/types\/post"}],"author":[{"embeddable":true,"href":"https:\/\/www.sportchaco.com.ar\/index.php?rest_route=\/wp\/v2\/users\/2"}],"replies":[{"embeddable":true,"href":"https:\/\/www.sportchaco.com.ar\/index.php?rest_route=%2Fwp%2Fv2%2Fcomments&post=6209"}],"version-history":[{"count":1,"href":"https:\/\/www.sportchaco.com.ar\/index.php?rest_route=\/wp\/v2\/posts\/6209\/revisions"}],"predecessor-version":[{"id":6211,"href":"https:\/\/www.sportchaco.com.ar\/index.php?rest_route=\/wp\/v2\/posts\/6209\/revisions\/6211"}],"wp:featuredmedia":[{"embeddable":true,"href":"https:\/\/www.sportchaco.com.ar\/index.php?rest_route=\/wp\/v2\/media\/6210"}],"wp:attachment":[{"href":"https:\/\/www.sportchaco.com.ar\/index.php?rest_route=%2Fwp%2Fv2%2Fmedia&parent=6209"}],"wp:term":[{"taxonomy":"category","embeddable":true,"href":"https:\/\/www.sportchaco.com.ar\/index.php?rest_route=%2Fwp%2Fv2%2Fcategories&post=6209"},{"taxonomy":"post_tag","embeddable":true,"href":"https:\/\/www.sportchaco.com.ar\/index.php?rest_route=%2Fwp%2Fv2%2Ftags&post=6209"}],"curies":[{"name":"wp","href":"https:\/\/api.w.org\/{rel}","templated":true}]}}