{"id":6245,"date":"2024-02-28T10:27:51","date_gmt":"2024-02-28T13:27:51","guid":{"rendered":"https:\/\/www.sportchaco.com.ar\/?p=6245"},"modified":"2024-03-11T10:35:22","modified_gmt":"2024-03-11T13:35:22","slug":"el-idch-visita-a-las-brenas-y-charata","status":"publish","type":"post","link":"https:\/\/www.sportchaco.com.ar\/?p=6245","title":{"rendered":"El IDCH visita a Las Bre\u00f1as y Charata"},"content":{"rendered":"<p>28-02-2024<\/p>\n<p>El Instituto del Deporte Chaque\u00f1o estar\u00e1 visitando este jueves 29 por la ma\u00f1ana, la localidad de Las Bre\u00f1as donde acompa\u00f1ar\u00e1 un campus y perfeccionamiento de b\u00e1squet para luego reunirse con directivos de AMBALAB.<\/p>\n<p><img loading=\"lazy\" decoding=\"async\" class=\"alignnone  wp-image-6573 aligncenter\" src=\"https:\/\/www.sportchaco.com.ar\/wp-content\/uploads\/2024\/03\/AVISO1-1-300x50.jpeg\" alt=\"\" width=\"432\" height=\"72\" srcset=\"https:\/\/www.sportchaco.com.ar\/wp-content\/uploads\/2024\/03\/AVISO1-1-300x50.jpeg 300w, https:\/\/www.sportchaco.com.ar\/wp-content\/uploads\/2024\/03\/AVISO1-1-1024x171.jpeg 1024w, https:\/\/www.sportchaco.com.ar\/wp-content\/uploads\/2024\/03\/AVISO1-1-768x129.jpeg 768w, https:\/\/www.sportchaco.com.ar\/wp-content\/uploads\/2024\/03\/AVISO1-1.jpeg 1201w\" sizes=\"auto, (max-width: 432px) 100vw, 432px\" \/><\/p>\n<p>En tanto en horas de la tarde la visita ser\u00e1 a Charata, donde recorrer\u00e1 instituciones deportivas y luego se reunir\u00e1 con dirigentes del deporte de esa localidad. Todo esto en cumplimiento de expresas instrucciones del gobernador Leandro Zdero bajo la premisa de estar siempre cerca de la gente.<\/p>\n","protected":false},"excerpt":{"rendered":"<p>28-02-2024 El Instituto del Deporte Chaque\u00f1o estar\u00e1 visitando este jueves 29 por la ma\u00f1ana, la localidad de Las Bre\u00f1as donde acompa\u00f1ar\u00e1 un campus y perfeccionamiento de b\u00e1squet para luego reunirse con directivos de AMBALAB. En tanto en horas de la tarde la visita ser\u00e1 a Charata, donde recorrer\u00e1 instituciones deportivas y luego se reunir\u00e1 con &hellip;<\/p>\n","protected":false},"author":2,"featured_media":6246,"comment_status":"open","ping_status":"open","sticky":false,"template":"","format":"standard","meta":{"footnotes":""},"categories":[1,8],"tags":[],"class_list":["post-6245","post","type-post","status-publish","format-standard","has-post-thumbnail","hentry","category-fotos-del-recuerdo","category-sport-nea"],"_links":{"self":[{"href":"https:\/\/www.sportchaco.com.ar\/index.php?rest_route=\/wp\/v2\/posts\/6245","targetHints":{"allow":["GET"]}}],"collection":[{"href":"https:\/\/www.sportchaco.com.ar\/index.php?rest_route=\/wp\/v2\/posts"}],"about":[{"href":"https:\/\/www.sportchaco.com.ar\/index.php?rest_route=\/wp\/v2\/types\/post"}],"author":[{"embeddable":true,"href":"https:\/\/www.sportchaco.com.ar\/index.php?rest_route=\/wp\/v2\/users\/2"}],"replies":[{"embeddable":true,"href":"https:\/\/www.sportchaco.com.ar\/index.php?rest_route=%2Fwp%2Fv2%2Fcomments&post=6245"}],"version-history":[{"count":2,"href":"https:\/\/www.sportchaco.com.ar\/index.php?rest_route=\/wp\/v2\/posts\/6245\/revisions"}],"predecessor-version":[{"id":6757,"href":"https:\/\/www.sportchaco.com.ar\/index.php?rest_route=\/wp\/v2\/posts\/6245\/revisions\/6757"}],"wp:featuredmedia":[{"embeddable":true,"href":"https:\/\/www.sportchaco.com.ar\/index.php?rest_route=\/wp\/v2\/media\/6246"}],"wp:attachment":[{"href":"https:\/\/www.sportchaco.com.ar\/index.php?rest_route=%2Fwp%2Fv2%2Fmedia&parent=6245"}],"wp:term":[{"taxonomy":"category","embeddable":true,"href":"https:\/\/www.sportchaco.com.ar\/index.php?rest_route=%2Fwp%2Fv2%2Fcategories&post=6245"},{"taxonomy":"post_tag","embeddable":true,"href":"https:\/\/www.sportchaco.com.ar\/index.php?rest_route=%2Fwp%2Fv2%2Ftags&post=6245"}],"curies":[{"name":"wp","href":"https:\/\/api.w.org\/{rel}","templated":true}]}}