{"id":6248,"date":"2024-02-29T00:01:58","date_gmt":"2024-02-29T03:01:58","guid":{"rendered":"https:\/\/www.sportchaco.com.ar\/?p=6248"},"modified":"2024-02-28T10:44:43","modified_gmt":"2024-02-28T13:44:43","slug":"efemerides-del-29-de-febrero","status":"publish","type":"post","link":"https:\/\/www.sportchaco.com.ar\/?p=6248","title":{"rendered":"Efem\u00e9rides del 29 de febrero"},"content":{"rendered":"<h4>Esta es la Efem\u00e9rides del deporte chaque\u00f1o de un 29 de Febrero, del periodista Luis Dar\u00edo Molodezky<\/h4>\n<p>&nbsp;<\/p>\n<p><img loading=\"lazy\" decoding=\"async\" class=\"alignnone size-medium wp-image-6250\" src=\"https:\/\/www.sportchaco.com.ar\/wp-content\/uploads\/2024\/02\/luis-DESPEDIDA-3-cara-216x300.jpg\" alt=\"\" width=\"216\" height=\"300\" srcset=\"https:\/\/www.sportchaco.com.ar\/wp-content\/uploads\/2024\/02\/luis-DESPEDIDA-3-cara-216x300.jpg 216w, https:\/\/www.sportchaco.com.ar\/wp-content\/uploads\/2024\/02\/luis-DESPEDIDA-3-cara-739x1024.jpg 739w, https:\/\/www.sportchaco.com.ar\/wp-content\/uploads\/2024\/02\/luis-DESPEDIDA-3-cara-768x1064.jpg 768w, https:\/\/www.sportchaco.com.ar\/wp-content\/uploads\/2024\/02\/luis-DESPEDIDA-3-cara.jpg 912w\" sizes=\"auto, (max-width: 216px) 100vw, 216px\" \/><\/p>\n<p><strong>2012 \/<\/strong> Fallece a los 69 a\u00f1os el periodista Gregorio Le\u00f3n Bender, de una larga trayectoria en los medios radiales y escritos, destac\u00e1ndose como creador y conductor del programa Los Grandes Temas que se emit\u00eda por LRH 251 Radio Chaco. Ingres\u00f3 como redactor en diario Norte a mediados de la d\u00e9cada del 70, mientras trabajaba en el Poder Judicial.\u00a0 Fue director de Prensa y Cultura de la Municipalidad de Barranqueras. Apasionado y entendido del boxeo, se luci\u00f3 con sus columnas del deporte los pu\u00f1os en Diario Norte.<\/p>\n<p>&nbsp;<\/p>\n<p><strong>2012 \/<\/strong> Fallece en Resistencia el destacado jugador y t\u00e9cnico Jos\u00e9 Lestani, una leyenda del deporte chaque\u00f1o. Pepe se inici\u00f3 en los bald\u00edos de la entonces floreciente Villa Concepci\u00f3n de Barranqueras y en el patio de la Parroquia de Don Orione en 1940, donde luego es fundador del club portuario. Jug\u00f3 en Resistencia Central y cuando el santo decide jugar torneos oficiales vuelve al club para conseguir el ascenso en 1946, donde permaneci\u00f3 hasta 1950. Tuvo un paso por River hasta 1951 donde los monstruos de la \u00e9poca le impiden jugar en primera. Desde 1952 hasta 1960 viste los colores de Sarmiento donde escribe una de las etapas m\u00e1s gloriosas del Decano \u2013 conocida como la \u00ab\u00c9poca de Oro\u00bb &#8211; conquistando nueve campeonatos en diez a\u00f1os y donde Lestani participa en todos los partidos en ocho de esos t\u00edtulos. Tras el campeonato de 1958 cuelga los botines. \u00a0Como t\u00e9cnico arranc\u00f3 en Don Orione Athletic Club en 1967, y hasta 1972; lapso en que obtiene un campeonato Regional y juega el Nacional de 1971. Pasos y t\u00edtulos con For Ever, Mandiy\u00fa de Corrientes y Sarmiento. En la d\u00e9cada del \u201980 Don Orione, Estudiantes, Sarmiento y Mandiy\u00fa. Hab\u00eda nacido en Colonia Baranda un 1 de julio de 1933.<\/p>\n<p><img loading=\"lazy\" decoding=\"async\" class=\"alignnone size-medium wp-image-6249\" src=\"https:\/\/www.sportchaco.com.ar\/wp-content\/uploads\/2024\/02\/Jose-Pepe-Lestani-293x300.webp\" alt=\"\" width=\"293\" height=\"300\" srcset=\"https:\/\/www.sportchaco.com.ar\/wp-content\/uploads\/2024\/02\/Jose-Pepe-Lestani-293x300.webp 293w, https:\/\/www.sportchaco.com.ar\/wp-content\/uploads\/2024\/02\/Jose-Pepe-Lestani.webp 750w\" sizes=\"auto, (max-width: 293px) 100vw, 293px\" \/><strong> Jos\u00e9 Pepe Lestani<\/strong><\/p>\n<p>&nbsp;<\/p>\n<p>&nbsp;<\/p>\n<p>&nbsp;<\/p>\n<h6><\/h6>\n<h4>Foto portada: Ra\u00fal Gregorio Bender el la desaparecida LRH 251 Radio Chaco<\/h4>\n<p>&nbsp;<\/p>\n<p>&nbsp;<\/p>\n<p>&nbsp;<\/p>\n","protected":false},"excerpt":{"rendered":"<p>Esta es la Efem\u00e9rides del deporte chaque\u00f1o de un 29 de Febrero, del periodista Luis Dar\u00edo Molodezky &nbsp; 2012 \/ Fallece a los 69 a\u00f1os el periodista Gregorio Le\u00f3n Bender, de una larga trayectoria en los medios radiales y escritos, destac\u00e1ndose como creador y conductor del programa Los Grandes Temas que se emit\u00eda por LRH &hellip;<\/p>\n","protected":false},"author":2,"featured_media":6251,"comment_status":"open","ping_status":"open","sticky":false,"template":"","format":"standard","meta":{"footnotes":""},"categories":[45,32],"tags":[],"class_list":["post-6248","post","type-post","status-publish","format-standard","has-post-thumbnail","hentry","category-efemerides-dia-por-dia","category-febrero"],"_links":{"self":[{"href":"https:\/\/www.sportchaco.com.ar\/index.php?rest_route=\/wp\/v2\/posts\/6248","targetHints":{"allow":["GET"]}}],"collection":[{"href":"https:\/\/www.sportchaco.com.ar\/index.php?rest_route=\/wp\/v2\/posts"}],"about":[{"href":"https:\/\/www.sportchaco.com.ar\/index.php?rest_route=\/wp\/v2\/types\/post"}],"author":[{"embeddable":true,"href":"https:\/\/www.sportchaco.com.ar\/index.php?rest_route=\/wp\/v2\/users\/2"}],"replies":[{"embeddable":true,"href":"https:\/\/www.sportchaco.com.ar\/index.php?rest_route=%2Fwp%2Fv2%2Fcomments&post=6248"}],"version-history":[{"count":1,"href":"https:\/\/www.sportchaco.com.ar\/index.php?rest_route=\/wp\/v2\/posts\/6248\/revisions"}],"predecessor-version":[{"id":6252,"href":"https:\/\/www.sportchaco.com.ar\/index.php?rest_route=\/wp\/v2\/posts\/6248\/revisions\/6252"}],"wp:featuredmedia":[{"embeddable":true,"href":"https:\/\/www.sportchaco.com.ar\/index.php?rest_route=\/wp\/v2\/media\/6251"}],"wp:attachment":[{"href":"https:\/\/www.sportchaco.com.ar\/index.php?rest_route=%2Fwp%2Fv2%2Fmedia&parent=6248"}],"wp:term":[{"taxonomy":"category","embeddable":true,"href":"https:\/\/www.sportchaco.com.ar\/index.php?rest_route=%2Fwp%2Fv2%2Fcategories&post=6248"},{"taxonomy":"post_tag","embeddable":true,"href":"https:\/\/www.sportchaco.com.ar\/index.php?rest_route=%2Fwp%2Fv2%2Ftags&post=6248"}],"curies":[{"name":"wp","href":"https:\/\/api.w.org\/{rel}","templated":true}]}}