{"id":6264,"date":"2024-02-28T13:54:59","date_gmt":"2024-02-28T16:54:59","guid":{"rendered":"https:\/\/www.sportchaco.com.ar\/?p=6264"},"modified":"2024-02-28T13:54:59","modified_gmt":"2024-02-28T16:54:59","slug":"san-fernando-acerca-el-1-campus-de-basquet-con-multiples-propuestas-de-desarrollo","status":"publish","type":"post","link":"https:\/\/www.sportchaco.com.ar\/?p=6264","title":{"rendered":"San Fernando acerca el \u201c1\u00b0 Campus de B\u00e1squet\u201d con m\u00faltiples propuestas de desarrollo"},"content":{"rendered":"<p>En las instalaciones del club atl\u00e9tico San Fernando, el pr\u00f3ximo 1 y 2 de marzo, la academia Sportina junto a la colaboraci\u00f3n del club San Fernando llega el \u201c1\u00b0 Campus de B\u00e1squet\u201d para jugadores, entrenadores, preparadores f\u00edsicos, dirigentes y p\u00fablico en general que quiera sumarse a esta iniciativa que contar\u00e1 con m\u00faltiples propuestas te\u00f3ricas y pr\u00e1cticas.<\/p>\n<p>Como propuesta principal, este evento deportivo de jerarqu\u00eda y desarrollo tendr\u00e1 la participaci\u00f3n del preparador f\u00edsico dEzequiel Lavay\u00e9n, quien tuvo experiencia en seleccionados nacionales, equipos de la Liga Argentina y experiencia internacional.<\/p>\n<p>Los entrenadores que conformar\u00e1n el staff para toda esta gran movida basquetbol\u00edstica estar\u00e1 conformado, adem\u00e1s de la presencia y participaci\u00f3n de Ezequiel Lavay\u00e9n, por: Sergio Ruberto (Entrenador Nivel 3- Coordinador ENEBA Chaco- Experiencia como Entrenador Selecci\u00f3n Argentina Juvenil- Staff entrenador en academia Sportina); Manuel Abarca (Entrenador Nivel 2- Entrenador Minibasket Club San Fernando- Entrenador Academia Sportina); y Ca\u00edn Orban (Profesor en Educaci\u00f3n F\u00edsica, Desarrollador Motriz infanto juvenil, Staff Disertante ENEBA[1]Chaco y Acondicionamiento F\u00edsico en Academia Sportina).<\/p>\n<p>El Campus contar\u00e1 con servicio permanente de hidrataci\u00f3n, alimentaci\u00f3n, servicio m\u00e9dico, indumentaria deportiva para cada participante, m\u00fasica y todos los condimentos necesarios para que sean dos d\u00edas a puro aprendizaje y b\u00e1squet.<\/p>\n<p>Con respecto a los horarios establecidos, el Campus arrancar\u00eda el 1 de marzo a las 9 horas, dividi\u00e9ndose el mismo por grupos, de acuerdo a la edad de los participantes. Se tratar\u00e1n actividades y ejercicios de pases, bote, 1 vs. 1, introducci\u00f3n al close &#8211; out, rebote defensivo, finalizaciones, creaci\u00f3n de tiro, contraataque, superioridad y juego reducido\/ rotaci\u00f3n defensiva.<\/p>\n<p>_ Grupo 1\/ de 9 a 10 horas: Campistas de 11 y 12 a\u00f1os en campo (Ezequiel Lavay\u00e9n y Manuel Abarca).<\/p>\n<p>_ Grupo 2\/ de 10 a 11 horas: Campistas U13-U14 en campo[1](Ezequiel Lavayen y Manuel Abarca).<\/p>\n<p>_ Grupo 3\/ de 11 a 12 horas: pistas U15- U17 en campo[1]Ezequiel Lavayen y Sergio Ruberto).<\/p>\n<p>&nbsp;<\/p>\n<p><strong>M\u00c1S ACTIVIDADES<\/strong><\/p>\n<p>Luego el Campus continuar\u00e1 el viernes 1 por la tarde, con actividades junto a profesionales (profesores de educaci\u00f3n f\u00edsica, nutricionistas). Tambi\u00e9n habr\u00e1n los respectivos almuerzos, actividades de esparcimiento. Asimismo, habr\u00e1 una capacitaci\u00f3n de R.C.P; continuando el s\u00e1bado dos por la ma\u00f1ana y luego ese mismo d\u00eda por la tarde y con la finalizaci\u00f3n del mismo.<\/p>\n<p>&nbsp;<\/p>\n<p><strong>M\u00c1S INFORMACI\u00d3N<\/strong><\/p>\n<p>Para informarse e interiorizarse todos los detalles sobre el Campus de B\u00e1squet a realizarse en el club San Fernando, con costos accesibles, los interesados pueden comunicarse al 3624 &#8211; 046112 (Manuel Abarca).<\/p>\n","protected":false},"excerpt":{"rendered":"<p>En las instalaciones del club atl\u00e9tico San Fernando, el pr\u00f3ximo 1 y 2 de marzo, la academia Sportina junto a la colaboraci\u00f3n del club San Fernando llega el \u201c1\u00b0 Campus de B\u00e1squet\u201d para jugadores, entrenadores, preparadores f\u00edsicos, dirigentes y p\u00fablico en general que quiera sumarse a esta iniciativa que contar\u00e1 con m\u00faltiples propuestas te\u00f3ricas y &hellip;<\/p>\n","protected":false},"author":3,"featured_media":6263,"comment_status":"open","ping_status":"open","sticky":false,"template":"","format":"standard","meta":{"footnotes":""},"categories":[3],"tags":[],"class_list":["post-6264","post","type-post","status-publish","format-standard","has-post-thumbnail","hentry","category-basquetbol"],"_links":{"self":[{"href":"https:\/\/www.sportchaco.com.ar\/index.php?rest_route=\/wp\/v2\/posts\/6264","targetHints":{"allow":["GET"]}}],"collection":[{"href":"https:\/\/www.sportchaco.com.ar\/index.php?rest_route=\/wp\/v2\/posts"}],"about":[{"href":"https:\/\/www.sportchaco.com.ar\/index.php?rest_route=\/wp\/v2\/types\/post"}],"author":[{"embeddable":true,"href":"https:\/\/www.sportchaco.com.ar\/index.php?rest_route=\/wp\/v2\/users\/3"}],"replies":[{"embeddable":true,"href":"https:\/\/www.sportchaco.com.ar\/index.php?rest_route=%2Fwp%2Fv2%2Fcomments&post=6264"}],"version-history":[{"count":1,"href":"https:\/\/www.sportchaco.com.ar\/index.php?rest_route=\/wp\/v2\/posts\/6264\/revisions"}],"predecessor-version":[{"id":6265,"href":"https:\/\/www.sportchaco.com.ar\/index.php?rest_route=\/wp\/v2\/posts\/6264\/revisions\/6265"}],"wp:featuredmedia":[{"embeddable":true,"href":"https:\/\/www.sportchaco.com.ar\/index.php?rest_route=\/wp\/v2\/media\/6263"}],"wp:attachment":[{"href":"https:\/\/www.sportchaco.com.ar\/index.php?rest_route=%2Fwp%2Fv2%2Fmedia&parent=6264"}],"wp:term":[{"taxonomy":"category","embeddable":true,"href":"https:\/\/www.sportchaco.com.ar\/index.php?rest_route=%2Fwp%2Fv2%2Fcategories&post=6264"},{"taxonomy":"post_tag","embeddable":true,"href":"https:\/\/www.sportchaco.com.ar\/index.php?rest_route=%2Fwp%2Fv2%2Ftags&post=6264"}],"curies":[{"name":"wp","href":"https:\/\/api.w.org\/{rel}","templated":true}]}}