{"id":6307,"date":"2024-03-02T00:08:16","date_gmt":"2024-03-02T03:08:16","guid":{"rendered":"https:\/\/www.sportchaco.com.ar\/?p=6307"},"modified":"2024-02-29T23:11:58","modified_gmt":"2024-03-01T02:11:58","slug":"efemerides-del-2-de-marzo","status":"publish","type":"post","link":"https:\/\/www.sportchaco.com.ar\/?p=6307","title":{"rendered":"Efem\u00e9rides del 2 de marzo"},"content":{"rendered":"<p><strong>Esta es la Efem\u00e9rides del Deporte en el Chaco de un 2 de marzo del periodista Luis Dar\u00edo Molodezky.<\/strong><\/p>\n<p><img loading=\"lazy\" decoding=\"async\" class=\"alignnone size-medium wp-image-6250\" src=\"https:\/\/www.sportchaco.com.ar\/wp-content\/uploads\/2024\/02\/luis-DESPEDIDA-3-cara-216x300.jpg\" alt=\"\" width=\"216\" height=\"300\" srcset=\"https:\/\/www.sportchaco.com.ar\/wp-content\/uploads\/2024\/02\/luis-DESPEDIDA-3-cara-216x300.jpg 216w, https:\/\/www.sportchaco.com.ar\/wp-content\/uploads\/2024\/02\/luis-DESPEDIDA-3-cara-739x1024.jpg 739w, https:\/\/www.sportchaco.com.ar\/wp-content\/uploads\/2024\/02\/luis-DESPEDIDA-3-cara-768x1064.jpg 768w, https:\/\/www.sportchaco.com.ar\/wp-content\/uploads\/2024\/02\/luis-DESPEDIDA-3-cara.jpg 912w\" sizes=\"auto, (max-width: 216px) 100vw, 216px\" \/><strong>Luis Dar\u00edo Molodezky<\/strong><\/p>\n<p>&nbsp;<\/p>\n<p><strong>1954 <\/strong>\/ La ni\u00f1a Mar\u00eda Elena Sibert, a los ocho a\u00f1os realiza la haza\u00f1a de recorrer cinco kil\u00f3metros nadando, distancia que media entre la entrada al Paran\u00e1 en el Riacho Barranqueras y el atracadero de la balsa en la misma localidad, empleando 1 hora 13 minutos. Fidel N\u00fa\u00f1ez, era el entrenador del Club de Regatas. Un a\u00f1o despu\u00e9s <em>Pelona <\/em>un\u00eda Corrientes-Barranqueras sin inconvenientes.<\/p>\n<p><strong>\u00a0<\/strong><\/p>\n<p><strong>1986 <\/strong>\/ Daniel B\u00e1ez gana la marat\u00f3n 74\u00ba Aniversario de S\u00e1enz Pe\u00f1a, con un tiempo de 41\u201905\u201d para los 11 mil metros. En juveniles Sergio Acevedo, en damas Lidia Tarabay de B\u00e1ez y veteranos Roberto Acevedo.<\/p>\n<p>&nbsp;<\/p>\n<p><strong>1990 <\/strong>\/ Nace la revista S\u00faper B\u00e1squet, que luego tuvo diversos formatos en radio y televisi\u00f3n, y su inserci\u00f3n en diarios chaque\u00f1os. Su realizador es el periodista Silvio Buittoni.<\/p>\n<p>&nbsp;<\/p>\n<p><strong>2006 \/<\/strong> Cuatro bre\u00f1enses amantes del ajedrez inician un viaje rumbo a la Ant\u00e1rtida Argentina tras escalas en Buenos Aires y R\u00edo Gallegos. Los alumnos chaque\u00f1os Gabriel Esteban Onocko, Dennis Jara Labre\u00f1uk y Gerardo Jara Labre\u00f1uk pertenecientes a EGB N\u00ba 195 de Las Bre\u00f1as y entrenados por Juan Carlos Tossutti, hab\u00edan ganado tres a\u00f1os antes el Primer Torneo Nacional Intercolegial de Ajedrez por Equipos, organizado por el Ministerio de Educaci\u00f3n de la Naci\u00f3n y cuyo premio era ese viaje. Llegaron a la base Marambio el 11 de marzo a bordo de un H\u00e9rcules C-130 de la Fuerza A\u00e9rea, ya que por razones meteorol\u00f3gicas se retras\u00f3 el vuelo desde R\u00edo Gallegos. Luego se instalaron en la Base Esperanza, donde estuvieron una semana, conociendo como es la vida de quienes habitan todo el a\u00f1o el continente y desarrollando distintas actividades entre ellas el 1er Torneo Ant\u00e1rtico de ajedrez, en el que participaron junto a los hijos de militares que componen el personal de la Base. El regreso se produjo en el rompehielos Almirante Ir\u00edzar hasta Ushuaia y en avi\u00f3n hasta Buenos aires, para llegar finamente de regreso a Las Bre\u00f1as el 26 de marzo.<\/p>\n<p>&nbsp;<\/p>\n<p>&nbsp;<\/p>\n<p><strong>Foto: Ajedrecistas chaque\u00f1os de Las Bre\u00f1as\u00a0 en la Ant\u00e1rtida<\/strong><\/p>\n<p>&nbsp;<\/p>\n<p>&nbsp;<\/p>\n","protected":false},"excerpt":{"rendered":"<p>Esta es la Efem\u00e9rides del Deporte en el Chaco de un 2 de marzo del periodista Luis Dar\u00edo Molodezky. Luis Dar\u00edo Molodezky &nbsp; 1954 \/ La ni\u00f1a Mar\u00eda Elena Sibert, a los ocho a\u00f1os realiza la haza\u00f1a de recorrer cinco kil\u00f3metros nadando, distancia que media entre la entrada al Paran\u00e1 en el Riacho Barranqueras y &hellip;<\/p>\n","protected":false},"author":2,"featured_media":6308,"comment_status":"open","ping_status":"open","sticky":false,"template":"","format":"standard","meta":{"footnotes":""},"categories":[45,33],"tags":[],"class_list":["post-6307","post","type-post","status-publish","format-standard","has-post-thumbnail","hentry","category-efemerides-dia-por-dia","category-marzo"],"_links":{"self":[{"href":"https:\/\/www.sportchaco.com.ar\/index.php?rest_route=\/wp\/v2\/posts\/6307","targetHints":{"allow":["GET"]}}],"collection":[{"href":"https:\/\/www.sportchaco.com.ar\/index.php?rest_route=\/wp\/v2\/posts"}],"about":[{"href":"https:\/\/www.sportchaco.com.ar\/index.php?rest_route=\/wp\/v2\/types\/post"}],"author":[{"embeddable":true,"href":"https:\/\/www.sportchaco.com.ar\/index.php?rest_route=\/wp\/v2\/users\/2"}],"replies":[{"embeddable":true,"href":"https:\/\/www.sportchaco.com.ar\/index.php?rest_route=%2Fwp%2Fv2%2Fcomments&post=6307"}],"version-history":[{"count":1,"href":"https:\/\/www.sportchaco.com.ar\/index.php?rest_route=\/wp\/v2\/posts\/6307\/revisions"}],"predecessor-version":[{"id":6309,"href":"https:\/\/www.sportchaco.com.ar\/index.php?rest_route=\/wp\/v2\/posts\/6307\/revisions\/6309"}],"wp:featuredmedia":[{"embeddable":true,"href":"https:\/\/www.sportchaco.com.ar\/index.php?rest_route=\/wp\/v2\/media\/6308"}],"wp:attachment":[{"href":"https:\/\/www.sportchaco.com.ar\/index.php?rest_route=%2Fwp%2Fv2%2Fmedia&parent=6307"}],"wp:term":[{"taxonomy":"category","embeddable":true,"href":"https:\/\/www.sportchaco.com.ar\/index.php?rest_route=%2Fwp%2Fv2%2Fcategories&post=6307"},{"taxonomy":"post_tag","embeddable":true,"href":"https:\/\/www.sportchaco.com.ar\/index.php?rest_route=%2Fwp%2Fv2%2Ftags&post=6307"}],"curies":[{"name":"wp","href":"https:\/\/api.w.org\/{rel}","templated":true}]}}