{"id":6310,"date":"2024-03-01T14:49:43","date_gmt":"2024-03-01T17:49:43","guid":{"rendered":"https:\/\/www.sportchaco.com.ar\/?p=6310"},"modified":"2024-03-01T14:49:43","modified_gmt":"2024-03-01T17:49:43","slug":"el-chaqueno-walter-benitez-convocado-a-la-seleccion-argentina","status":"publish","type":"post","link":"https:\/\/www.sportchaco.com.ar\/?p=6310","title":{"rendered":"El chaque\u00f1o Walter Ben\u00edtez convocado a la Selecci\u00f3n Argentina"},"content":{"rendered":"<p>El arquero chaque\u00f1o, Walter Ben\u00edtez, fue citado nuevamente por Lionel Scaloni para integrar la n\u00f3mina de jugadores para la gira de marzo por Estados Unidos.<\/p>\n<p>El oriundo de General San Mart\u00edn viene siendo particip\u00e9 de las convocatorias nacionales ya desde hace un tiempo, pero a\u00fan no tuvo la oportunidad de atajar en la selecci\u00f3n mayor.<\/p>\n<p>Argentina afrontar\u00e1 dos partidos de preparaci\u00f3n de cara a la Copa Am\u00e9rica donde se medir\u00e1 ante El Salvador y Costa Rica.<\/p>\n<p>Cabe recordar que Ben\u00edtez est\u00e1 atajando en los Pa\u00edses Bajos, donde es el arquero del PSV Eindhoven, equipo participante\u00a0de la\u00a0Eredivisie de dicho pa\u00eds.<\/p>\n<p><strong>LA LISTA COMPLETA DE SCALONI<\/strong><\/p>\n<p><img loading=\"lazy\" decoding=\"async\" class=\" wp-image-6311 alignleft\" src=\"https:\/\/www.sportchaco.com.ar\/wp-content\/uploads\/2024\/03\/convocatoria-afa-300x300.jpg\" alt=\"\" width=\"398\" height=\"398\" srcset=\"https:\/\/www.sportchaco.com.ar\/wp-content\/uploads\/2024\/03\/convocatoria-afa-300x300.jpg 300w, https:\/\/www.sportchaco.com.ar\/wp-content\/uploads\/2024\/03\/convocatoria-afa-1024x1024.jpg 1024w, https:\/\/www.sportchaco.com.ar\/wp-content\/uploads\/2024\/03\/convocatoria-afa-150x150.jpg 150w, https:\/\/www.sportchaco.com.ar\/wp-content\/uploads\/2024\/03\/convocatoria-afa-768x768.jpg 768w, https:\/\/www.sportchaco.com.ar\/wp-content\/uploads\/2024\/03\/convocatoria-afa.jpg 1080w\" sizes=\"auto, (max-width: 398px) 100vw, 398px\" \/><\/p>\n","protected":false},"excerpt":{"rendered":"<p>El arquero chaque\u00f1o, Walter Ben\u00edtez, fue citado nuevamente por Lionel Scaloni para integrar la n\u00f3mina de jugadores para la gira de marzo por Estados Unidos. El oriundo de General San Mart\u00edn viene siendo particip\u00e9 de las convocatorias nacionales ya desde hace un tiempo, pero a\u00fan no tuvo la oportunidad de atajar en la selecci\u00f3n mayor. &hellip;<\/p>\n","protected":false},"author":3,"featured_media":6312,"comment_status":"open","ping_status":"open","sticky":false,"template":"","format":"standard","meta":{"footnotes":""},"categories":[5],"tags":[],"class_list":["post-6310","post","type-post","status-publish","format-standard","has-post-thumbnail","hentry","category-futbol"],"_links":{"self":[{"href":"https:\/\/www.sportchaco.com.ar\/index.php?rest_route=\/wp\/v2\/posts\/6310","targetHints":{"allow":["GET"]}}],"collection":[{"href":"https:\/\/www.sportchaco.com.ar\/index.php?rest_route=\/wp\/v2\/posts"}],"about":[{"href":"https:\/\/www.sportchaco.com.ar\/index.php?rest_route=\/wp\/v2\/types\/post"}],"author":[{"embeddable":true,"href":"https:\/\/www.sportchaco.com.ar\/index.php?rest_route=\/wp\/v2\/users\/3"}],"replies":[{"embeddable":true,"href":"https:\/\/www.sportchaco.com.ar\/index.php?rest_route=%2Fwp%2Fv2%2Fcomments&post=6310"}],"version-history":[{"count":1,"href":"https:\/\/www.sportchaco.com.ar\/index.php?rest_route=\/wp\/v2\/posts\/6310\/revisions"}],"predecessor-version":[{"id":6313,"href":"https:\/\/www.sportchaco.com.ar\/index.php?rest_route=\/wp\/v2\/posts\/6310\/revisions\/6313"}],"wp:featuredmedia":[{"embeddable":true,"href":"https:\/\/www.sportchaco.com.ar\/index.php?rest_route=\/wp\/v2\/media\/6312"}],"wp:attachment":[{"href":"https:\/\/www.sportchaco.com.ar\/index.php?rest_route=%2Fwp%2Fv2%2Fmedia&parent=6310"}],"wp:term":[{"taxonomy":"category","embeddable":true,"href":"https:\/\/www.sportchaco.com.ar\/index.php?rest_route=%2Fwp%2Fv2%2Fcategories&post=6310"},{"taxonomy":"post_tag","embeddable":true,"href":"https:\/\/www.sportchaco.com.ar\/index.php?rest_route=%2Fwp%2Fv2%2Ftags&post=6310"}],"curies":[{"name":"wp","href":"https:\/\/api.w.org\/{rel}","templated":true}]}}