{"id":6317,"date":"2024-03-01T18:13:22","date_gmt":"2024-03-01T21:13:22","guid":{"rendered":"https:\/\/www.sportchaco.com.ar\/?p=6317"},"modified":"2024-03-01T15:32:10","modified_gmt":"2024-03-01T18:32:10","slug":"con-dos-equipos-for-ever-parte-a-buenos-aires","status":"publish","type":"post","link":"https:\/\/www.sportchaco.com.ar\/?p=6317","title":{"rendered":"Con dos equipos, For Ever parte rumbo a Buenos Aires"},"content":{"rendered":"<p>Este viernes por la noche, For Ever partir\u00e1 rumbo a Buenos Aires para afrontar sus compromisos del campeonato de la Primera Nacional.<\/p>\n<p>El \u00abnegro\u00bb jugar\u00e1 este domingo desde las 17 horas ante Temperley por la 5\u00aa fecha de la zona B e inmediatamente jugar\u00e1 el martes 5 de mayo el tiempo restante de la 3\u00aa fecha ante Nueva Chicago. Dicho encuentro tendr\u00e1 dos tiempos de 23 y 22 minutos, respectivamente.<\/p>\n<p>Para dichos encuentros el DT, Diego Osella, convoc\u00f3 a 22 futbolistas. En los cuales hay algunos que no han debutado todav\u00eda en la temporada 2024, otros que sumaron muy pocos minutos y algunos habitualmente titulares.<\/p>\n<p>Los citados para partir a las 21 horas desde el \u00abJuan Alberto Garc\u00eda\u00bb son: Agust\u00edn Bellone, Santiago Bustos, Gast\u00f3n Canuto, Jonathan Dellarossa, Marcos Gim\u00e9nez, Javier Iritier, Kevin Larrea, Milton Leyendeker, Tom\u00e1s L\u00f3pez, Gonzalo Lucero, Joel Mart\u00ednez, Brian Nievas, Cristian N\u00fa\u00f1ez, Gast\u00f3n Novero, Brando Obreg\u00f3n, Franco Perinciolo, Lucio P\u00e9rez, G\u00e9naro Rossi, Mathias Silvera, David Valdez, Santiago Valenzuela y Rodrigo V\u00e9lez.<\/p>\n<p>La delegaci\u00f3n chaque\u00f1a quedar\u00e1 concentrada en la localidad de Escobar donde, adem\u00e1s, llevar\u00e1 a cabo los entrenamientos previos a los dos partidos.<\/p>\n","protected":false},"excerpt":{"rendered":"<p>Este viernes por la noche, For Ever partir\u00e1 rumbo a Buenos Aires para afrontar sus compromisos del campeonato de la Primera Nacional. El \u00abnegro\u00bb jugar\u00e1 este domingo desde las 17 horas ante Temperley por la 5\u00aa fecha de la zona B e inmediatamente jugar\u00e1 el martes 5 de mayo el tiempo restante de la 3\u00aa &hellip;<\/p>\n","protected":false},"author":3,"featured_media":6318,"comment_status":"open","ping_status":"open","sticky":false,"template":"","format":"standard","meta":{"footnotes":""},"categories":[5],"tags":[],"class_list":["post-6317","post","type-post","status-publish","format-standard","has-post-thumbnail","hentry","category-futbol"],"_links":{"self":[{"href":"https:\/\/www.sportchaco.com.ar\/index.php?rest_route=\/wp\/v2\/posts\/6317","targetHints":{"allow":["GET"]}}],"collection":[{"href":"https:\/\/www.sportchaco.com.ar\/index.php?rest_route=\/wp\/v2\/posts"}],"about":[{"href":"https:\/\/www.sportchaco.com.ar\/index.php?rest_route=\/wp\/v2\/types\/post"}],"author":[{"embeddable":true,"href":"https:\/\/www.sportchaco.com.ar\/index.php?rest_route=\/wp\/v2\/users\/3"}],"replies":[{"embeddable":true,"href":"https:\/\/www.sportchaco.com.ar\/index.php?rest_route=%2Fwp%2Fv2%2Fcomments&post=6317"}],"version-history":[{"count":2,"href":"https:\/\/www.sportchaco.com.ar\/index.php?rest_route=\/wp\/v2\/posts\/6317\/revisions"}],"predecessor-version":[{"id":6320,"href":"https:\/\/www.sportchaco.com.ar\/index.php?rest_route=\/wp\/v2\/posts\/6317\/revisions\/6320"}],"wp:featuredmedia":[{"embeddable":true,"href":"https:\/\/www.sportchaco.com.ar\/index.php?rest_route=\/wp\/v2\/media\/6318"}],"wp:attachment":[{"href":"https:\/\/www.sportchaco.com.ar\/index.php?rest_route=%2Fwp%2Fv2%2Fmedia&parent=6317"}],"wp:term":[{"taxonomy":"category","embeddable":true,"href":"https:\/\/www.sportchaco.com.ar\/index.php?rest_route=%2Fwp%2Fv2%2Fcategories&post=6317"},{"taxonomy":"post_tag","embeddable":true,"href":"https:\/\/www.sportchaco.com.ar\/index.php?rest_route=%2Fwp%2Fv2%2Ftags&post=6317"}],"curies":[{"name":"wp","href":"https:\/\/api.w.org\/{rel}","templated":true}]}}