{"id":6339,"date":"2024-03-03T00:01:36","date_gmt":"2024-03-03T03:01:36","guid":{"rendered":"https:\/\/www.sportchaco.com.ar\/?p=6339"},"modified":"2024-03-06T23:46:35","modified_gmt":"2024-03-07T02:46:35","slug":"sarmiento-de-formosa-lo-gano-en-el-ultimo-cuarto-ante-hindu","status":"publish","type":"post","link":"https:\/\/www.sportchaco.com.ar\/?p=6339","title":{"rendered":"Efem\u00e9rides del 3 de Marzo"},"content":{"rendered":"<p>&nbsp;<\/p>\n<p>&nbsp;<\/p>\n<p>&nbsp;<\/p>\n<p>&nbsp;<\/p>\n<p><strong>Esta es la Efem\u00e9rides del Deporte en el Chaco de un 3 de marzo del periodista Luis Dar\u00edo Molodezky.<\/strong><\/p>\n<p>&nbsp;<\/p>\n<p><strong> <img loading=\"lazy\" decoding=\"async\" class=\"alignnone size-medium wp-image-6548\" src=\"https:\/\/www.sportchaco.com.ar\/wp-content\/uploads\/2024\/03\/320x50.gif-300x47.gif\" alt=\"\" width=\"300\" height=\"47\" \/><\/strong><\/p>\n<p><strong>1980 <\/strong>\/ Carlos Guillermo Varas con 17 a\u00f1os, se consagra<\/p>\n<p>campe\u00f3n argentino intercolegial en 110 con vallas y resulta<\/p>\n<p>cuarto en 400 metros. Es convocado para integrar la Selecci\u00f3n<\/p>\n<p>Nacional de Atletismo para el Sudamericano de Chile.<\/p>\n<p>&nbsp;<\/p>\n<p>&nbsp;<\/p>\n<p><strong>1985 <\/strong>\/ Eduardo Sisti de 14 a\u00f1os, obtiene el campeonato<\/p>\n<p>de aguas abiertas organizada por el Yap\u00fa Guaz\u00fa y Regatas<\/p>\n<p>Resistencia. Logr\u00f3 dos victorias y un segundo puesto. Subcampe\u00f3n<\/p>\n<p>fue Eduardo S\u00e1enz (16 a\u00f1os), con una victoria, un segundo puesto<\/p>\n<p>y un cuarto.<\/p>\n<p>&nbsp;<\/p>\n<p><strong>2007 <\/strong>\/ Con la presencia de destacadas figuras del<\/p>\n<p>deporte, dirigentes, profesores, periodistas y de la comunidad local,<\/p>\n<p>la presencia de dirigentes de otras provincias argentinas, se<\/p>\n<p>realiza el lanzamiento del Movimiento Social del Deporte. La mesa<\/p>\n<p>estuvo encabezada por V\u00edctor Lupo, dirigente, periodista, investigador<\/p>\n<p>y funcionario peronista; Hugo Alberto Lencinas, presidente<\/p>\n<p>de la Federaci\u00f3n Argentina de Periodistas Deportivos, ex deportistas<\/p>\n<p>como Romina Plataroti y la leona Ver\u00f3nica Alfonso; el intendente<\/p>\n<p>de Puerto Tirol Hugo Sager y Ra\u00fal Bittel, presidente de la<\/p>\n<p>Confederaci\u00f3n Chaque\u00f1a de Deportes.<\/p>\n<p>&nbsp;<\/p>\n<p><strong>2007 <\/strong>\/ El equipo femenino de Regatas Resistencia<\/p>\n<p>asciende a la Liga A de V\u00f3leibol, al imponerse por 3 a 0 a River de<\/p>\n<p>Coronel Vidal. El plantel lo integran Luicina Binder, Cecilia Solanas,<\/p>\n<p>Magdalena Gazzola, Natalia Yacuzzi, Antonella Tonetti, Noelia<\/p>\n<p>L\u00f3pez Rojas, Gianina Tonetti, Vanina Rocha, Carolina Reguera,<\/p>\n<p>Fiorela Marino, Sof\u00eda Frangioli y Mayra Mansilla.<\/p>\n<p>&nbsp;<\/p>\n<p><strong>2008 <\/strong>\/ Asociaci\u00f3n Club Social Las Bre\u00f1as gana el<\/p>\n<p>Provincial de B\u00e1squetbol, al imponerse en el Top 4 final jugado en<\/p>\n<p>su estadio Angel P\u00e9rtile. En el cotejo final derrot\u00f3 a Hind\u00fa 79 a 73.<\/p>\n<p>Villa San Mart\u00edn fue tercero y Don Bosco cuarto. Integraron el<\/p>\n<p>plantel campe\u00f3n: D. Vega, D. Bruner, M. Pikaluk, Rub\u00e9n Zalazar,<\/p>\n<ol>\n<li>Perucca, A. Gerzel, M. Minhot, J. Palacios, G. Frencia. DT: Jorge<\/li>\n<\/ol>\n<p>&nbsp;<\/p>\n<p>&nbsp;<\/p>\n","protected":false},"excerpt":{"rendered":"<p>&nbsp; &nbsp; &nbsp; &nbsp; Esta es la Efem\u00e9rides del Deporte en el Chaco de un 3 de marzo del periodista Luis Dar\u00edo Molodezky. &nbsp; 1980 \/ Carlos Guillermo Varas con 17 a\u00f1os, se consagra campe\u00f3n argentino intercolegial en 110 con vallas y resulta cuarto en 400 metros. Es convocado para integrar la Selecci\u00f3n Nacional de &hellip;<\/p>\n","protected":false},"author":2,"featured_media":6341,"comment_status":"open","ping_status":"open","sticky":false,"template":"","format":"standard","meta":{"footnotes":""},"categories":[45,33],"tags":[],"class_list":["post-6339","post","type-post","status-publish","format-standard","has-post-thumbnail","hentry","category-efemerides-dia-por-dia","category-marzo"],"_links":{"self":[{"href":"https:\/\/www.sportchaco.com.ar\/index.php?rest_route=\/wp\/v2\/posts\/6339","targetHints":{"allow":["GET"]}}],"collection":[{"href":"https:\/\/www.sportchaco.com.ar\/index.php?rest_route=\/wp\/v2\/posts"}],"about":[{"href":"https:\/\/www.sportchaco.com.ar\/index.php?rest_route=\/wp\/v2\/types\/post"}],"author":[{"embeddable":true,"href":"https:\/\/www.sportchaco.com.ar\/index.php?rest_route=\/wp\/v2\/users\/2"}],"replies":[{"embeddable":true,"href":"https:\/\/www.sportchaco.com.ar\/index.php?rest_route=%2Fwp%2Fv2%2Fcomments&post=6339"}],"version-history":[{"count":3,"href":"https:\/\/www.sportchaco.com.ar\/index.php?rest_route=\/wp\/v2\/posts\/6339\/revisions"}],"predecessor-version":[{"id":6549,"href":"https:\/\/www.sportchaco.com.ar\/index.php?rest_route=\/wp\/v2\/posts\/6339\/revisions\/6549"}],"wp:featuredmedia":[{"embeddable":true,"href":"https:\/\/www.sportchaco.com.ar\/index.php?rest_route=\/wp\/v2\/media\/6341"}],"wp:attachment":[{"href":"https:\/\/www.sportchaco.com.ar\/index.php?rest_route=%2Fwp%2Fv2%2Fmedia&parent=6339"}],"wp:term":[{"taxonomy":"category","embeddable":true,"href":"https:\/\/www.sportchaco.com.ar\/index.php?rest_route=%2Fwp%2Fv2%2Fcategories&post=6339"},{"taxonomy":"post_tag","embeddable":true,"href":"https:\/\/www.sportchaco.com.ar\/index.php?rest_route=%2Fwp%2Fv2%2Ftags&post=6339"}],"curies":[{"name":"wp","href":"https:\/\/api.w.org\/{rel}","templated":true}]}}