{"id":6347,"date":"2024-03-02T13:54:41","date_gmt":"2024-03-02T16:54:41","guid":{"rendered":"https:\/\/www.sportchaco.com.ar\/?p=6347"},"modified":"2024-04-03T10:57:29","modified_gmt":"2024-04-03T13:57:29","slug":"la-pileta-del-jaime-zapata-tuvo-su-cierre-de-temporada","status":"publish","type":"post","link":"https:\/\/www.sportchaco.com.ar\/?p=6347","title":{"rendered":"La pileta del Jaime Zapata tuvo su cierre de temporada"},"content":{"rendered":"<p>La temporada veraniega de la pileta de nataci\u00f3n del Polideportivo Jaime Zapata, propiedad del Instituto del Deporte Chaque\u00f1o, tuvo su finalizaci\u00f3n con un gran acto de cierre donde se exhibieron las actividades desarrolladas durante el per\u00edodo 2023\/2024.<\/p>\n<p>El evento, que fue presenciado por, el vicepresidente del IDCH profesor Gabriel Pellegrini y fue coordinado por los profesores de la instituci\u00f3n, consisti\u00f3 en un muestreo de la Escuela de Nataci\u00f3n, con la activa participaci\u00f3n de alumnos de los distintos turnos y edades. La finalizaci\u00f3n del acto fue a todo brillo, m\u00fasica y color a trav\u00e9s de una clase de aquagym.<\/p>\n<p>De esta manera llegan a su fin tres meses de intensa actividad en el complejo acu\u00e1tico, el que se vio colmado por miles de personas que diariamente hicieron uso del mismo buscando un paliativo para las altas temperaturas de nuestro verano, sin olvidar el aspecto recreativo de la actividad acu\u00e1tica.<\/p>\n<p><img loading=\"lazy\" decoding=\"async\" class=\"alignnone size-medium wp-image-7669\" src=\"https:\/\/www.sportchaco.com.ar\/wp-content\/uploads\/2024\/04\/gob-fumicaciona-cuadradito-marzo-240x300.jpg\" alt=\"\" width=\"240\" height=\"300\" srcset=\"https:\/\/www.sportchaco.com.ar\/wp-content\/uploads\/2024\/04\/gob-fumicaciona-cuadradito-marzo-240x300.jpg 240w, https:\/\/www.sportchaco.com.ar\/wp-content\/uploads\/2024\/04\/gob-fumicaciona-cuadradito-marzo-819x1024.jpg 819w, https:\/\/www.sportchaco.com.ar\/wp-content\/uploads\/2024\/04\/gob-fumicaciona-cuadradito-marzo-768x960.jpg 768w, https:\/\/www.sportchaco.com.ar\/wp-content\/uploads\/2024\/04\/gob-fumicaciona-cuadradito-marzo.jpg 1080w\" sizes=\"auto, (max-width: 240px) 100vw, 240px\" \/><\/p>\n","protected":false},"excerpt":{"rendered":"<p>La temporada veraniega de la pileta de nataci\u00f3n del Polideportivo Jaime Zapata, propiedad del Instituto del Deporte Chaque\u00f1o, tuvo su finalizaci\u00f3n con un gran acto de cierre donde se exhibieron las actividades desarrolladas durante el per\u00edodo 2023\/2024. El evento, que fue presenciado por, el vicepresidente del IDCH profesor Gabriel Pellegrini y fue coordinado por los &hellip;<\/p>\n","protected":false},"author":3,"featured_media":6348,"comment_status":"open","ping_status":"open","sticky":false,"template":"","format":"standard","meta":{"footnotes":""},"categories":[8],"tags":[],"class_list":["post-6347","post","type-post","status-publish","format-standard","has-post-thumbnail","hentry","category-sport-nea"],"_links":{"self":[{"href":"https:\/\/www.sportchaco.com.ar\/index.php?rest_route=\/wp\/v2\/posts\/6347","targetHints":{"allow":["GET"]}}],"collection":[{"href":"https:\/\/www.sportchaco.com.ar\/index.php?rest_route=\/wp\/v2\/posts"}],"about":[{"href":"https:\/\/www.sportchaco.com.ar\/index.php?rest_route=\/wp\/v2\/types\/post"}],"author":[{"embeddable":true,"href":"https:\/\/www.sportchaco.com.ar\/index.php?rest_route=\/wp\/v2\/users\/3"}],"replies":[{"embeddable":true,"href":"https:\/\/www.sportchaco.com.ar\/index.php?rest_route=%2Fwp%2Fv2%2Fcomments&post=6347"}],"version-history":[{"count":2,"href":"https:\/\/www.sportchaco.com.ar\/index.php?rest_route=\/wp\/v2\/posts\/6347\/revisions"}],"predecessor-version":[{"id":7676,"href":"https:\/\/www.sportchaco.com.ar\/index.php?rest_route=\/wp\/v2\/posts\/6347\/revisions\/7676"}],"wp:featuredmedia":[{"embeddable":true,"href":"https:\/\/www.sportchaco.com.ar\/index.php?rest_route=\/wp\/v2\/media\/6348"}],"wp:attachment":[{"href":"https:\/\/www.sportchaco.com.ar\/index.php?rest_route=%2Fwp%2Fv2%2Fmedia&parent=6347"}],"wp:term":[{"taxonomy":"category","embeddable":true,"href":"https:\/\/www.sportchaco.com.ar\/index.php?rest_route=%2Fwp%2Fv2%2Fcategories&post=6347"},{"taxonomy":"post_tag","embeddable":true,"href":"https:\/\/www.sportchaco.com.ar\/index.php?rest_route=%2Fwp%2Fv2%2Ftags&post=6347"}],"curies":[{"name":"wp","href":"https:\/\/api.w.org\/{rel}","templated":true}]}}