{"id":6510,"date":"2024-03-06T15:33:30","date_gmt":"2024-03-06T18:33:30","guid":{"rendered":"https:\/\/www.sportchaco.com.ar\/?p=6510"},"modified":"2024-03-06T15:33:30","modified_gmt":"2024-03-06T18:33:30","slug":"la-ambalab-llevo-adelante-un-campus-de-tecnificacion-en-las-brenas","status":"publish","type":"post","link":"https:\/\/www.sportchaco.com.ar\/?p=6510","title":{"rendered":"La AMBALAB llev\u00f3 adelante un \u00abCampus de Tecnificaci\u00f3n\u00bb en Las Bre\u00f1as"},"content":{"rendered":"<p><strong>06-03-2024<\/strong><\/p>\n<p><img loading=\"lazy\" decoding=\"async\" class=\" wp-image-6481 aligncenter\" src=\"https:\/\/www.sportchaco.com.ar\/wp-content\/uploads\/2024\/03\/Feb-4-300x29.jpeg\" alt=\"\" width=\"372\" height=\"36\" srcset=\"https:\/\/www.sportchaco.com.ar\/wp-content\/uploads\/2024\/03\/Feb-4-300x29.jpeg 300w, https:\/\/www.sportchaco.com.ar\/wp-content\/uploads\/2024\/03\/Feb-4-1024x98.jpeg 1024w, https:\/\/www.sportchaco.com.ar\/wp-content\/uploads\/2024\/03\/Feb-4-768x73.jpeg 768w, https:\/\/www.sportchaco.com.ar\/wp-content\/uploads\/2024\/03\/Feb-4-1536x147.jpeg 1536w, https:\/\/www.sportchaco.com.ar\/wp-content\/uploads\/2024\/03\/Feb-4.jpeg 1600w\" sizes=\"auto, (max-width: 372px) 100vw, 372px\" \/><\/p>\n<p>Durante la \u00faltima semana de febrero, 27, 28 y 29 m\u00e1s precisamente, la Asociaci\u00f3n Civil Maxibasquet de Las Bre\u00f1as (AMBALAB) llev\u00f3 adelante un Campus de Tecnificaci\u00f3n para las categor\u00edas formativas, en ambas ramas, que cont\u00f3 con la jerarqu\u00eda y la presencia de Ezequiel Lavay\u00e9n quien puso a la pr\u00e1ctica toda su jerarqu\u00eda para volc\u00e1rse la a los presentes. El cierre de este acontecimiento tuvo entrega de certificados para los presentes que cont\u00f3 con la presencia del presidente del Instituto del Deporte Chaque\u00f1o, Fabio V\u00e1zquez.<\/p>\n<p>Esta actividad estuvo dirigida para las diferentes categor\u00edas, entrenadores, dirigentes y p\u00fablico en general. La misma estuvo coordinada por el preparador f\u00edsico de jerarqu\u00eda de car\u00e1cter nacional e internacional, Ezequiel Lavay\u00e9n, junto a m\u00faltiples propuestas te\u00f3ricas y pr\u00e1cticas.<\/p>\n<p>El Campus contar\u00e1 con servicio permanente de hidrataci\u00f3n, alimentaci\u00f3n, servicio m\u00e9dico, m\u00fasica y todos los condimentos necesarios para que sean tres d\u00edas a puro aprendizaje y b\u00e1squet. Asimismo, el Campus fue paralelamente el cierre de la pretemporada de los chicos de AMBALAB, donde cont\u00f3 con la participaci\u00f3n de m\u00e1s de 100 chicos de distintas edades.<\/p>\n<p>Para el cierre, que tuvo entrega de certificados para los presentes, cont\u00f3 con la presencia del presidente del Instituto del Deporte Chaque\u00f1o, Fabio V\u00e1zquez, expres\u00f3 que \u00abcontinuamos con la recorrida por el interior provincial, visitando clubes, federaciones e instituciones y eventos deportivos, como en este caso acompa\u00f1ando el Campus de b\u00e1squet AMBALAB de Las Bre\u00f1as; todo esto en cumplimiento de expresas instrucciones del gobernador Leandro Zdero de estar siempre cerca de la gente\u00bb.<\/p>\n<p>El capacitador de este campus es un calificado profesional y de jerarqu\u00eda internacional como lo es Ezequiel Lavay\u00e9n, quien manifest\u00f3 y remarc\u00f3 que \u00abno es la primera vez que estoy aqu\u00ed, ya estuve en otras oportunidades y este es un proyecto a largo plazo para el perfeccionamiento de la preparaci\u00f3n f\u00edsica en el b\u00e1squet que llevamos adelante en distintos clubes del pa\u00eds, donde este campus va a perfeccionar a quienes se encargan del acondicionamiento f\u00edsico de los jugadores, algo que hoy en d\u00eda es un factor fundamental\u00bb.<\/p>\n<p><strong>AGRADECIMIENTO<br \/>\n<\/strong>Desde la AMBALAB se hace extensivo el agradecimiento al Instituto del Deporte Chaque\u00f1o, a trav\u00e9s de su presidente Fabio V\u00e1zquez, por la participaci\u00f3n en este acontecimiento de jerarqu\u00eda que reuni\u00f3 a chicos y chicas de diferentes edades. Adem\u00e1s, se agradece a los organizadores de este evento, padres, dirigentes y todas las personas que tambi\u00e9n hicieron que este evento, sea un verdadero \u00e9xito.<\/p>\n<p>&nbsp;<\/p>\n<p><img loading=\"lazy\" decoding=\"async\" class=\"size-medium wp-image-6484 aligncenter\" src=\"https:\/\/www.sportchaco.com.ar\/wp-content\/uploads\/2024\/03\/Feb-8-1-240x300.jpeg\" alt=\"\" width=\"240\" height=\"300\" srcset=\"https:\/\/www.sportchaco.com.ar\/wp-content\/uploads\/2024\/03\/Feb-8-1-240x300.jpeg 240w, https:\/\/www.sportchaco.com.ar\/wp-content\/uploads\/2024\/03\/Feb-8-1-819x1024.jpeg 819w, https:\/\/www.sportchaco.com.ar\/wp-content\/uploads\/2024\/03\/Feb-8-1-768x960.jpeg 768w, https:\/\/www.sportchaco.com.ar\/wp-content\/uploads\/2024\/03\/Feb-8-1.jpeg 1125w\" sizes=\"auto, (max-width: 240px) 100vw, 240px\" \/><\/p>\n","protected":false},"excerpt":{"rendered":"<p>06-03-2024 Durante la \u00faltima semana de febrero, 27, 28 y 29 m\u00e1s precisamente, la Asociaci\u00f3n Civil Maxibasquet de Las Bre\u00f1as (AMBALAB) llev\u00f3 adelante un Campus de Tecnificaci\u00f3n para las categor\u00edas formativas, en ambas ramas, que cont\u00f3 con la jerarqu\u00eda y la presencia de Ezequiel Lavay\u00e9n quien puso a la pr\u00e1ctica toda su jerarqu\u00eda para volc\u00e1rse &hellip;<\/p>\n","protected":false},"author":3,"featured_media":6511,"comment_status":"open","ping_status":"open","sticky":false,"template":"","format":"standard","meta":{"footnotes":""},"categories":[3],"tags":[],"class_list":["post-6510","post","type-post","status-publish","format-standard","has-post-thumbnail","hentry","category-basquetbol"],"_links":{"self":[{"href":"https:\/\/www.sportchaco.com.ar\/index.php?rest_route=\/wp\/v2\/posts\/6510","targetHints":{"allow":["GET"]}}],"collection":[{"href":"https:\/\/www.sportchaco.com.ar\/index.php?rest_route=\/wp\/v2\/posts"}],"about":[{"href":"https:\/\/www.sportchaco.com.ar\/index.php?rest_route=\/wp\/v2\/types\/post"}],"author":[{"embeddable":true,"href":"https:\/\/www.sportchaco.com.ar\/index.php?rest_route=\/wp\/v2\/users\/3"}],"replies":[{"embeddable":true,"href":"https:\/\/www.sportchaco.com.ar\/index.php?rest_route=%2Fwp%2Fv2%2Fcomments&post=6510"}],"version-history":[{"count":1,"href":"https:\/\/www.sportchaco.com.ar\/index.php?rest_route=\/wp\/v2\/posts\/6510\/revisions"}],"predecessor-version":[{"id":6512,"href":"https:\/\/www.sportchaco.com.ar\/index.php?rest_route=\/wp\/v2\/posts\/6510\/revisions\/6512"}],"wp:featuredmedia":[{"embeddable":true,"href":"https:\/\/www.sportchaco.com.ar\/index.php?rest_route=\/wp\/v2\/media\/6511"}],"wp:attachment":[{"href":"https:\/\/www.sportchaco.com.ar\/index.php?rest_route=%2Fwp%2Fv2%2Fmedia&parent=6510"}],"wp:term":[{"taxonomy":"category","embeddable":true,"href":"https:\/\/www.sportchaco.com.ar\/index.php?rest_route=%2Fwp%2Fv2%2Fcategories&post=6510"},{"taxonomy":"post_tag","embeddable":true,"href":"https:\/\/www.sportchaco.com.ar\/index.php?rest_route=%2Fwp%2Fv2%2Ftags&post=6510"}],"curies":[{"name":"wp","href":"https:\/\/api.w.org\/{rel}","templated":true}]}}