{"id":6535,"date":"2024-03-07T00:01:55","date_gmt":"2024-03-07T03:01:55","guid":{"rendered":"https:\/\/www.sportchaco.com.ar\/?p=6535"},"modified":"2024-03-07T12:27:27","modified_gmt":"2024-03-07T15:27:27","slug":"efemerides-del-7-de-marzo","status":"publish","type":"post","link":"https:\/\/www.sportchaco.com.ar\/?p=6535","title":{"rendered":"Efem\u00e9rides del 7 de marzo"},"content":{"rendered":"<p><strong>Esta es la Efem\u00e9rides del Deporte en el Chaco de un 7 de marzo del periodista Luis Dar\u00edo Molodezky (foto).<\/strong><\/p>\n<p><img loading=\"lazy\" decoding=\"async\" class=\"alignnone size-medium wp-image-6537\" src=\"https:\/\/www.sportchaco.com.ar\/wp-content\/uploads\/2024\/03\/Molodezky-luis-sin-anteojos1.jpg-231x300.jpeg\" alt=\"\" width=\"231\" height=\"300\" srcset=\"https:\/\/www.sportchaco.com.ar\/wp-content\/uploads\/2024\/03\/Molodezky-luis-sin-anteojos1.jpg-231x300.jpeg 231w, https:\/\/www.sportchaco.com.ar\/wp-content\/uploads\/2024\/03\/Molodezky-luis-sin-anteojos1.jpg.jpeg 432w\" sizes=\"auto, (max-width: 231px) 100vw, 231px\" \/><\/p>\n<p><strong>1958 <\/strong>\/ Fallece en Resistencia, Jos\u00e9 Santos Carballeira, uno de los fundadores del Club Resistencia Central.<\/p>\n<p>&nbsp;<\/p>\n<p><strong>1977 \/ <\/strong>FalleceAntonio Ruiz D\u00edaz. \u00a0Arranc\u00f3 con el f\u00fatbol en Sarmiento siendo muy joven, permaneciendo hasta 1933, cuando fue cedido a Chacarita Juniors donde brill\u00f3 hasta 1937. Luego de un paso fugaz en Francia recal\u00f3 en Colombia. Jug\u00f3 en municipal de Bogot\u00e1, luego denominado Millonarios. Pas\u00f3 a Venezuela donde visti\u00f3 la vinotinto en un cuadrangular internacional. A fines regres\u00f3 al decano como entrenador donde fue hacedor del equipo que gan\u00f3 9 de los 10 torneos liguistas entre 1952 y 1961. Dirigi\u00f3 a For Ever, Central Norte y V\u00e9lez Sarsfield, en el \u00fanico t\u00edtulo de la V azulada en 1963.Fue el DT del seleccionado de la Liga Chaque\u00f1a que en 1968 fue campe\u00f3n argentino logrando las Copas Presidente y Adri\u00e1n Beccar Varela. Hab\u00eda nacido el 18 de julio de 1919.<\/p>\n<p>&nbsp;<\/p>\n<p><strong>1980 <\/strong>\/ Domingo D\u2019El\u00eda retiene el t\u00edtulo argentino de los pesados en Tandil, tras empatar en doce asaltos con el local Norberto E. Fiori.<\/p>\n<p>&nbsp;<\/p>\n<p><strong>1981 \/ <\/strong>La Asociaci\u00f3n del Noroeste, se impone en el Provincial de Tr\u00edos de Bochas disputado en S\u00e1enz Pe\u00f1a, al imponerse al local 18 a 14. El equipo ganador estuvo integrado por Celestino Orellana, Ra\u00fal Capra, Drago Bruas y Hugo D\u00edaz.<\/p>\n<p><strong>\u00a0<\/strong><\/p>\n<p><strong>1986 <\/strong>\/ Queda conformado el equipo de Impactos Deportivos, dirigido por Luis Dar\u00edo Molodezky y coordinado por Pablo Alberto Mensi, destinado a todos los deportes y las transmisiones de b\u00e1squetbol y boxeo, a cargo de Pedro Enrique Zeinsteger y Carlos Silva respectivamente. Adem\u00e1s integran el equipo los j\u00f3venes Jorge Diel y Jorge Altamirano; m\u00e1s los columnistas Mart\u00edn Vera y Roberto N\u00fa\u00f1ez. Las voces comerciales de Teresita Acosta y Juan Duarte.<\/p>\n<p><strong><em>\u00a0<\/em><\/strong><\/p>\n<p><strong>1999 <\/strong>\/ Fallece Conrado C\u00e9sar Giuliano, activo deportista y luego calificado dirigente. Hizo boxeo, motociclismo, f\u00fatbol, b\u00e1squetbol, pesca, atletismo, automovilismo. Lleg\u00f3 a ser presidente de la Federaci\u00f3n Chaque\u00f1a de Pesca, de la Confederaci\u00f3n Argentina de Pesca y de la Confederaci\u00f3n Sudamericana al mismo tiempo, trayendo la sede a Resistencia.<\/p>\n<p>&nbsp;<\/p>\n<p><strong>2006 <\/strong>\/ El pescador saenzpe\u00f1ense Basilio Esteban Nykolyn, acompa\u00f1ado por Walter Dafara y Pablo Juan Nykolyn, pesca en aguas del Paran\u00e1 un dorado de 18,800 kg, hecho poco usual. La pesca embarcada fue realizada con la tradicional carnada de morenas grandes (mamachas) en la zona de los cables.<\/p>\n<p><img loading=\"lazy\" decoding=\"async\" class=\"alignnone  wp-image-6524\" src=\"https:\/\/www.sportchaco.com.ar\/wp-content\/uploads\/2024\/03\/AVISO1-300x50.jpeg\" alt=\"\" width=\"642\" height=\"107\" srcset=\"https:\/\/www.sportchaco.com.ar\/wp-content\/uploads\/2024\/03\/AVISO1-300x50.jpeg 300w, https:\/\/www.sportchaco.com.ar\/wp-content\/uploads\/2024\/03\/AVISO1-1024x171.jpeg 1024w, https:\/\/www.sportchaco.com.ar\/wp-content\/uploads\/2024\/03\/AVISO1-768x129.jpeg 768w, https:\/\/www.sportchaco.com.ar\/wp-content\/uploads\/2024\/03\/AVISO1.jpeg 1201w\" sizes=\"auto, (max-width: 642px) 100vw, 642px\" \/><\/p>\n<p>&nbsp;<\/p>\n<h4>Foto de Conrado C\u00e9sar Giuliano<\/h4>\n","protected":false},"excerpt":{"rendered":"<p>Esta es la Efem\u00e9rides del Deporte en el Chaco de un 7 de marzo del periodista Luis Dar\u00edo Molodezky (foto). 1958 \/ Fallece en Resistencia, Jos\u00e9 Santos Carballeira, uno de los fundadores del Club Resistencia Central. &nbsp; 1977 \/ FalleceAntonio Ruiz D\u00edaz. \u00a0Arranc\u00f3 con el f\u00fatbol en Sarmiento siendo muy joven, permaneciendo hasta 1933, cuando &hellip;<\/p>\n","protected":false},"author":2,"featured_media":6536,"comment_status":"open","ping_status":"open","sticky":false,"template":"","format":"standard","meta":{"footnotes":""},"categories":[45,33],"tags":[],"class_list":["post-6535","post","type-post","status-publish","format-standard","has-post-thumbnail","hentry","category-efemerides-dia-por-dia","category-marzo"],"_links":{"self":[{"href":"https:\/\/www.sportchaco.com.ar\/index.php?rest_route=\/wp\/v2\/posts\/6535","targetHints":{"allow":["GET"]}}],"collection":[{"href":"https:\/\/www.sportchaco.com.ar\/index.php?rest_route=\/wp\/v2\/posts"}],"about":[{"href":"https:\/\/www.sportchaco.com.ar\/index.php?rest_route=\/wp\/v2\/types\/post"}],"author":[{"embeddable":true,"href":"https:\/\/www.sportchaco.com.ar\/index.php?rest_route=\/wp\/v2\/users\/2"}],"replies":[{"embeddable":true,"href":"https:\/\/www.sportchaco.com.ar\/index.php?rest_route=%2Fwp%2Fv2%2Fcomments&post=6535"}],"version-history":[{"count":4,"href":"https:\/\/www.sportchaco.com.ar\/index.php?rest_route=\/wp\/v2\/posts\/6535\/revisions"}],"predecessor-version":[{"id":6581,"href":"https:\/\/www.sportchaco.com.ar\/index.php?rest_route=\/wp\/v2\/posts\/6535\/revisions\/6581"}],"wp:featuredmedia":[{"embeddable":true,"href":"https:\/\/www.sportchaco.com.ar\/index.php?rest_route=\/wp\/v2\/media\/6536"}],"wp:attachment":[{"href":"https:\/\/www.sportchaco.com.ar\/index.php?rest_route=%2Fwp%2Fv2%2Fmedia&parent=6535"}],"wp:term":[{"taxonomy":"category","embeddable":true,"href":"https:\/\/www.sportchaco.com.ar\/index.php?rest_route=%2Fwp%2Fv2%2Fcategories&post=6535"},{"taxonomy":"post_tag","embeddable":true,"href":"https:\/\/www.sportchaco.com.ar\/index.php?rest_route=%2Fwp%2Fv2%2Ftags&post=6535"}],"curies":[{"name":"wp","href":"https:\/\/api.w.org\/{rel}","templated":true}]}}