{"id":6597,"date":"2024-03-07T22:29:52","date_gmt":"2024-03-08T01:29:52","guid":{"rendered":"https:\/\/www.sportchaco.com.ar\/?p=6597"},"modified":"2024-03-07T22:29:52","modified_gmt":"2024-03-08T01:29:52","slug":"chiquito-romero-es-duda-para-el-clasico-con-racing","status":"publish","type":"post","link":"https:\/\/www.sportchaco.com.ar\/?p=6597","title":{"rendered":"Chiquito Romero es duda para el cl\u00e1sico con Racing"},"content":{"rendered":"<header class=\"article-header\" data-tadevel-template=\"web\/article-header\">\n<h1 class=\"article-title\">07 03 2024<\/h1>\n<h2 class=\"article-deck\">El arquero Xeneize presenta una molestia en su tal\u00f3n y se someti\u00f3 a estudios.<\/h2>\n<p><img loading=\"lazy\" decoding=\"async\" class=\"wp-image-6533 aligncenter\" src=\"https:\/\/www.sportchaco.com.ar\/wp-content\/uploads\/2024\/03\/aviso-clausula-gatilllo-acostado-300x50.jpg\" alt=\"\" width=\"648\" height=\"108\" srcset=\"https:\/\/www.sportchaco.com.ar\/wp-content\/uploads\/2024\/03\/aviso-clausula-gatilllo-acostado-300x50.jpg 300w, https:\/\/www.sportchaco.com.ar\/wp-content\/uploads\/2024\/03\/aviso-clausula-gatilllo-acostado-1024x171.jpg 1024w, https:\/\/www.sportchaco.com.ar\/wp-content\/uploads\/2024\/03\/aviso-clausula-gatilllo-acostado-768x128.jpg 768w, https:\/\/www.sportchaco.com.ar\/wp-content\/uploads\/2024\/03\/aviso-clausula-gatilllo-acostado.jpg 1200w\" sizes=\"auto, (max-width: 648px) 100vw, 648px\" \/><\/p>\n<p><time class=\"article-date\" datetime=\"2024-03-07T23:00:31.406Z\"><\/time><\/header>\n<figure class=\"multimedia\" data-type=\"photo\" data-tadevel-template=\"web\/multimedia\"><\/figure>\n<div class=\"columns\" data-tadevel-template=\"web\/article-columns\">\n<div class=\"column-main\">\n<div class=\"article-body\" data-tadevel-template=\"web\/article-body\">\n<div class=\"article-body-content\">\n<p>Tras la derrota ante Uni\u00f3n, Sergio \u201cChiquito\u201d Romero\u00a0est\u00e1 en duda para el cl\u00e1sico ante Racing el pr\u00f3ximo domingo, debido a una molestia en el tal\u00f3n.\u00a0El arquero de Boca se someti\u00f3 a estudios y aguardan los resultados.<\/p>\n<p>El capit\u00e1n Xeneize entren\u00f3, este jueves, a la par de sus compa\u00f1eros, pero al finalizar la pr\u00e1ctica, Romero\u00a0sinti\u00f3 una molestia en dicha zona de su pie y el cuerpo medico no dud\u00f3 en realizar estudios para descartar que sea una lesi\u00f3n \u00f3sea.\u00a0En el caso que no llegue en condiciones, Javier Garc\u00eda ocupar\u00eda su lugar.<\/p>\n<p>El ex arquero de la selecci\u00f3n argentina qued\u00f3 sentido desde el encuentro ante el Tatengue, donde el conjunto de Diego Mart\u00ednez cay\u00f3 por 1 a 0 en C\u00f3rdoba, ya que Romero en el gol de Claudio Corval\u00e1n no tuvo reacci\u00f3n y se fue caminando con dificultades.<\/p>\n<p>Por otra parte, el vicepresidente de Boca Juan Rom\u00e1n Riquelme explic\u00f3 que pasar\u00e1 con el futuro del arquero: \u201cChiquito Romero tiene hasta fin de a\u00f1o. Nosotros estamos contentos con \u00e9l, es una persona muy positiva y nos pone contento tenerlos ac\u00e1.\u00a0Ojal\u00e1 pueda seguir jugando m\u00e1s tiempo ac\u00e1, pero depende m\u00e1s de \u00e9l que de nosotros c\u00f3mo se siente\u201d, revel\u00f3 el ex jugador. El Litoral.<\/p>\n<p><img loading=\"lazy\" decoding=\"async\" class=\"size-medium wp-image-6571 aligncenter\" src=\"https:\/\/www.sportchaco.com.ar\/wp-content\/uploads\/2024\/03\/1080x1350-2-240x300.jpg\" alt=\"\" width=\"240\" height=\"300\" srcset=\"https:\/\/www.sportchaco.com.ar\/wp-content\/uploads\/2024\/03\/1080x1350-2-240x300.jpg 240w, https:\/\/www.sportchaco.com.ar\/wp-content\/uploads\/2024\/03\/1080x1350-2-819x1024.jpg 819w, https:\/\/www.sportchaco.com.ar\/wp-content\/uploads\/2024\/03\/1080x1350-2-768x960.jpg 768w, https:\/\/www.sportchaco.com.ar\/wp-content\/uploads\/2024\/03\/1080x1350-2.jpg 1080w\" sizes=\"auto, (max-width: 240px) 100vw, 240px\" \/><\/p>\n<\/div>\n<\/div>\n<\/div>\n<\/div>\n","protected":false},"excerpt":{"rendered":"<p>07 03 2024 El arquero Xeneize presenta una molestia en su tal\u00f3n y se someti\u00f3 a estudios. Tras la derrota ante Uni\u00f3n, Sergio \u201cChiquito\u201d Romero\u00a0est\u00e1 en duda para el cl\u00e1sico ante Racing el pr\u00f3ximo domingo, debido a una molestia en el tal\u00f3n.\u00a0El arquero de Boca se someti\u00f3 a estudios y aguardan los resultados. El capit\u00e1n &hellip;<\/p>\n","protected":false},"author":2,"featured_media":6598,"comment_status":"open","ping_status":"open","sticky":false,"template":"","format":"standard","meta":{"footnotes":""},"categories":[5],"tags":[],"class_list":["post-6597","post","type-post","status-publish","format-standard","has-post-thumbnail","hentry","category-futbol"],"_links":{"self":[{"href":"https:\/\/www.sportchaco.com.ar\/index.php?rest_route=\/wp\/v2\/posts\/6597","targetHints":{"allow":["GET"]}}],"collection":[{"href":"https:\/\/www.sportchaco.com.ar\/index.php?rest_route=\/wp\/v2\/posts"}],"about":[{"href":"https:\/\/www.sportchaco.com.ar\/index.php?rest_route=\/wp\/v2\/types\/post"}],"author":[{"embeddable":true,"href":"https:\/\/www.sportchaco.com.ar\/index.php?rest_route=\/wp\/v2\/users\/2"}],"replies":[{"embeddable":true,"href":"https:\/\/www.sportchaco.com.ar\/index.php?rest_route=%2Fwp%2Fv2%2Fcomments&post=6597"}],"version-history":[{"count":1,"href":"https:\/\/www.sportchaco.com.ar\/index.php?rest_route=\/wp\/v2\/posts\/6597\/revisions"}],"predecessor-version":[{"id":6599,"href":"https:\/\/www.sportchaco.com.ar\/index.php?rest_route=\/wp\/v2\/posts\/6597\/revisions\/6599"}],"wp:featuredmedia":[{"embeddable":true,"href":"https:\/\/www.sportchaco.com.ar\/index.php?rest_route=\/wp\/v2\/media\/6598"}],"wp:attachment":[{"href":"https:\/\/www.sportchaco.com.ar\/index.php?rest_route=%2Fwp%2Fv2%2Fmedia&parent=6597"}],"wp:term":[{"taxonomy":"category","embeddable":true,"href":"https:\/\/www.sportchaco.com.ar\/index.php?rest_route=%2Fwp%2Fv2%2Fcategories&post=6597"},{"taxonomy":"post_tag","embeddable":true,"href":"https:\/\/www.sportchaco.com.ar\/index.php?rest_route=%2Fwp%2Fv2%2Ftags&post=6597"}],"curies":[{"name":"wp","href":"https:\/\/api.w.org\/{rel}","templated":true}]}}