{"id":6630,"date":"2024-03-08T10:15:50","date_gmt":"2024-03-08T13:15:50","guid":{"rendered":"https:\/\/www.sportchaco.com.ar\/?p=6630"},"modified":"2024-03-08T10:16:51","modified_gmt":"2024-03-08T13:16:51","slug":"sebastian-sosa-rompio-el-silencio-tras-la-denuncia-por-abuso-sexual","status":"publish","type":"post","link":"https:\/\/www.sportchaco.com.ar\/?p=6630","title":{"rendered":"Sebasti\u00e1n Sosa rompi\u00f3 el silencio tras la denuncia por abuso sexual"},"content":{"rendered":"<h1><time datetime=\"2024-03-08T06:40:10-03:00\">08\/03\/2024\u00a0<\/time><\/h1>\n<p class=\"description\"><strong>El arquero uruguayo, uno de los cuatro futbolistas denunciados, dej\u00f3 un mensaje en redes sociales en medio del esc\u00e1ndalo que conmociona a V\u00e9lez y al f\u00fatbol argentino.<\/strong><\/p>\n<div class=\"article-info\">\n<div class=\"article-info-left\">\n<div class=\"article-autor-info\">\n<div class=\"article-autor-name\"><\/div>\n<\/div>\n<\/div>\n<\/div>\n<figure class=\"rat16x9\"><\/figure>\n<p class=\"capital\"><span style=\"color: #000000;\">Sebasti\u00e1n Sosa, arquero de\u00a0V\u00e9lez, rompi\u00f3 el silencio<a style=\"color: #000000;\" href=\"https:\/\/www.tycsports.com\/liga-profesional-de-futbol\/gravisima-denuncia-en-velez-acusan-a-cuatro-jugadores-de-abuso-sexual-id569216.html\" target=\"_blank\" rel=\"noopener\">\u00a0tras haber sido denunciado por abuso sexual.<\/a>\u00a0Es el primero de los cuatro futbolistas del Fort\u00edn que se expresa p\u00fablicamente tras la grav\u00edsima denuncia de una joven mujer tucumana, que involucr\u00f3 tambi\u00e9n a\u00a0Braian Cufr\u00e9, Abiel Osorio y Jos\u00e9 Florent\u00edn.\u00a0El hecho habr\u00eda sido en la madrugada del pasado domingo 3 de marzo, en el hotel donde concentraba el equipo de Gustavo Quinteros en San Miguel de Tucum\u00e1n.\u00a0<a style=\"color: #000000;\" href=\"https:\/\/www.tycsports.com\/liga-profesional-de-futbol\/velez-separo-del-plantel-a-los-cuatro-jugadores-denunciados-por-abuso-sexual-id569227.html\" target=\"_blank\" rel=\"noopener\">El club decidi\u00f3 separarlos del plantel.<\/a><\/span><\/p>\n<div class=\"watchto-wrap\">\n<div class=\"watchto\">\n<p><a class=\"imgwrap\" href=\"https:\/\/www.tycsports.com\/liga-profesional-de-futbol\/fabian-berlanga-sobre-la-grave-denuncia-a-cuatro-jugadores-de-velez-no-les-pedimos-explicaciones-se-la-tienen-que-dar-a-la-justicia-id569430.html\"><picture><source srcset=\"https:\/\/media.tycsports.com\/files\/2024\/03\/07\/687484\/fabian-berlanga-presidente-de-velez_267x150.webp?v=1\" media=\"(min-width: 721px)\" \/><source srcset=\"https:\/\/media.tycsports.com\/files\/2024\/03\/07\/687484\/fabian-berlanga-presidente-de-velez_267x356.webp\" media=\"(max-width: 721px)\" \/><img decoding=\"async\" src=\"https:\/\/media.tycsports.com\/files\/2024\/03\/07\/687484\/fabian-berlanga-presidente-de-velez_267x150.webp?v=1\" data-src=\"https:\/\/media.tycsports.com\/files\/2024\/03\/07\/687484\/fabian-berlanga-presidente-de-velez_267x150.webp?v=1\" \/><\/picture><\/a><\/p>\n<div class=\"watchto-text\"><\/div>\n<div class=\"watchto-btn-view\"><\/div>\n<\/div>\n<\/div>\n<p><i>\u00abRepudio la violencia de cualquier tipo. Respeto la integridad fisica y sexual de toda persona. Conf\u00edo en la r\u00e1pida acci\u00f3n de la justicia\u00bb<\/i>, afirm\u00f3 el jugador en sus redes sociales, en medio del esc\u00e1ndalo que conmociona al Fort\u00edn y al f\u00fatbol argentino.<\/p>\n<figure class=\"w-100\"><img loading=\"lazy\" decoding=\"async\" class=\"wp-image-6631 aligncenter\" src=\"https:\/\/www.sportchaco.com.ar\/wp-content\/uploads\/2024\/03\/aviso-Impulsamos-turismo-300x31.jpg\" alt=\"\" width=\"561\" height=\"58\" srcset=\"https:\/\/www.sportchaco.com.ar\/wp-content\/uploads\/2024\/03\/aviso-Impulsamos-turismo-300x31.jpg 300w, https:\/\/www.sportchaco.com.ar\/wp-content\/uploads\/2024\/03\/aviso-Impulsamos-turismo-1024x106.jpg 1024w, https:\/\/www.sportchaco.com.ar\/wp-content\/uploads\/2024\/03\/aviso-Impulsamos-turismo-768x79.jpg 768w, https:\/\/www.sportchaco.com.ar\/wp-content\/uploads\/2024\/03\/aviso-Impulsamos-turismo.jpg 1366w\" sizes=\"auto, (max-width: 561px) 100vw, 561px\" \/><\/figure>\n<h2>Los detalles de la grav\u00edsima denuncia<\/h2>\n<p>Seg\u00fan inform\u00f3 la Unidad Fiscal de Abuso Contra la Integridad Sexual Nro. 1, M. -quien es estudiante de periodismo deportivo- se contact\u00f3 con el arquero Sebasti\u00e1n Sosa a trav\u00e9s de la aplicaci\u00f3n Instagram:\u00a0el jugador la habr\u00eda invitado al hotel Hilton luego del partido.<\/p>\n<p>La joven asisti\u00f3 y, cuando fue a la habitaci\u00f3n, tambi\u00e9n se encontr\u00f3 con Cufr\u00e9, Osorio y Florent\u00edn. Seg\u00fan figura en la denuncia, compartieron \u00ablatas de cerveza\u00bb y \u00abluego le ofrecieron fernet\u00bb. En ese momento, ella<i>\u00a0\u00abcomenz\u00f3 a sentirse mal, muy mareada\u00bb<\/i>\u00a0y, cuando se recost\u00f3 en una de las camas, habr\u00eda sido abusada sexualmente sin ning\u00fan consentimiento.<\/p>\n<p>M., acompa\u00f1ada por su abogada particular, radic\u00f3 la denuncia en la Unidad Fiscal de Abuso Contra la Integridad Sexual Nro. 1. El secretario, el doctor Javier Gonzalo, orden\u00f3 que se le hagan los ex\u00e1menes correspondientes a la v\u00edctima,\u00a0que se secuestren las prendas de vestir\u00a0(que la joven ya entreg\u00f3 en la divisi\u00f3n)\u00a0y que se extraigan las grabaciones de las c\u00e1maras de seguridad del Hotel Hilton, que ser\u00e1n claves en la investigaci\u00f3n.\u00a0Por su parte, el club ya separ\u00f3 a los jugadores: desde la dirigencia a\u00fan no se comunicaron con ellos ni les pusieron un abogado.<\/p>\n<p>&nbsp;<\/p>\n<figure class=\"w-100\"><img decoding=\"async\" title=\"V\u00e9lez\" src=\"https:\/\/media.tycsports.com\/files\/2024\/03\/07\/687187\/velez_w416.webp\" srcset=\"https:\/\/media.tycsports.com\/files\/2024\/03\/07\/687187\/velez_w416.webp 480w, https:\/\/media.tycsports.com\/files\/2024\/03\/07\/687187\/velez_w862.webp 1080w\" alt=\"V\u00e9lez\" data-src=\"https:\/\/media.tycsports.com\/files\/2024\/03\/07\/687187\/velez_w416.webp\" data-srcset=\"https:\/\/media.tycsports.com\/files\/2024\/03\/07\/687187\/velez_w416.webp 480w, https:\/\/media.tycsports.com\/files\/2024\/03\/07\/687187\/velez_w862.webp 1080w\" \/><\/figure>\n<h2>Qu\u00e9 dijo el presidente de V\u00e9lez<\/h2>\n<p>\u00abEsta ma\u00f1ana me enter\u00e9, estaba en mi casa, recib\u00ed unos mensajes de Camila que es la chica de prensa.\u00a0No le di importancia hasta que me llam\u00f3 y me comunic\u00f3 la denuncia de cuatro jugadores de V\u00e9lez en Tucum\u00e1n\u00bb,\u00a0comenz\u00f3 declarando Berlanga y a su vez reconoci\u00f3 que aquella madrugada del 3 de marzo estuvo en el hotel donde se produjo el supuesto abuso.\u00a0\u00abEstuve en la puerta del hotel charlando con la pe\u00f1a de Tucum\u00e1n hasta una menos cuarto m\u00e1s o menos\u00a0(esa madrugada), que sub\u00ed a la habitaci\u00f3n, no escuch\u00e9 nada ni vi nada raro. La seguridad del hotel no le hab\u00eda permitido entrar a los chicos de la pe\u00f1a\u00bb, asegur\u00f3 en di\u00e1logo con ESPN.<\/p>\n<p>Y cont\u00f3 cu\u00e1les fueron los primeros pasos tras enterarse del esc\u00e1ndalo: \u00abNos comunicamos con la CD, nos reunimos en el club\u2026 Ten\u00edamos una transcripci\u00f3n de la denuncia por WhatsApp, comprobamos que la denuncia exist\u00eda, los abogados del club se comunicaron con la fiscal\u00eda en Tucum\u00e1n y con el Departamento de G\u00e9nero y el Director Deportivo,\u00a0nos reunimos para ver cu\u00e1les eran los pasos a seguir\u00bb. Adem\u00e1s, afirm\u00f3 que \u00abcomo V\u00e9lez no est\u00e1 imputado en la causa\u00bb,\u00a0no tienen acceso a ella, aunque est\u00e1n trabajando para \u00abconseguirlo y ver en detalle\u00bb la acusaci\u00f3n.<\/p>\n<p>&nbsp;<\/p>\n<p>En cuanto a los implicados Sosa, Cufr\u00e9, Osorio y Florent\u00edn, se\u00f1al\u00f3 que deber\u00e1n darle sus explicaciones a la Justicia cuando sea necesario.\u00bbEllos tienen sus propios abogados por sus representantes y\u00a0V\u00e9lez est\u00e1 tratando de ver c\u00f3mo sigue esta causa, por el club, lo m\u00e1s importante es el escudo. Habl\u00e9 con uno en especial (un jugador), Ricky \u00c1lvarez habl\u00f3 con ellos.\u00a0No les pedimos explicaciones, se la tienen que dar a la Justicia\u00bb, solt\u00f3 la m\u00e1xima autoridad del Fort\u00edn.\u00a0 Fuente TyC Sports<\/p>\n<p>&nbsp;<\/p>\n<div><\/div>\n","protected":false},"excerpt":{"rendered":"<p>08\/03\/2024\u00a0 El arquero uruguayo, uno de los cuatro futbolistas denunciados, dej\u00f3 un mensaje en redes sociales en medio del esc\u00e1ndalo que conmociona a V\u00e9lez y al f\u00fatbol argentino. Sebasti\u00e1n Sosa, arquero de\u00a0V\u00e9lez, rompi\u00f3 el silencio\u00a0tras haber sido denunciado por abuso sexual.\u00a0Es el primero de los cuatro futbolistas del Fort\u00edn que se expresa p\u00fablicamente tras la &hellip;<\/p>\n","protected":false},"author":2,"featured_media":6633,"comment_status":"open","ping_status":"open","sticky":false,"template":"","format":"standard","meta":{"footnotes":""},"categories":[1],"tags":[],"class_list":["post-6630","post","type-post","status-publish","format-standard","has-post-thumbnail","hentry","category-fotos-del-recuerdo"],"_links":{"self":[{"href":"https:\/\/www.sportchaco.com.ar\/index.php?rest_route=\/wp\/v2\/posts\/6630","targetHints":{"allow":["GET"]}}],"collection":[{"href":"https:\/\/www.sportchaco.com.ar\/index.php?rest_route=\/wp\/v2\/posts"}],"about":[{"href":"https:\/\/www.sportchaco.com.ar\/index.php?rest_route=\/wp\/v2\/types\/post"}],"author":[{"embeddable":true,"href":"https:\/\/www.sportchaco.com.ar\/index.php?rest_route=\/wp\/v2\/users\/2"}],"replies":[{"embeddable":true,"href":"https:\/\/www.sportchaco.com.ar\/index.php?rest_route=%2Fwp%2Fv2%2Fcomments&post=6630"}],"version-history":[{"count":2,"href":"https:\/\/www.sportchaco.com.ar\/index.php?rest_route=\/wp\/v2\/posts\/6630\/revisions"}],"predecessor-version":[{"id":6634,"href":"https:\/\/www.sportchaco.com.ar\/index.php?rest_route=\/wp\/v2\/posts\/6630\/revisions\/6634"}],"wp:featuredmedia":[{"embeddable":true,"href":"https:\/\/www.sportchaco.com.ar\/index.php?rest_route=\/wp\/v2\/media\/6633"}],"wp:attachment":[{"href":"https:\/\/www.sportchaco.com.ar\/index.php?rest_route=%2Fwp%2Fv2%2Fmedia&parent=6630"}],"wp:term":[{"taxonomy":"category","embeddable":true,"href":"https:\/\/www.sportchaco.com.ar\/index.php?rest_route=%2Fwp%2Fv2%2Fcategories&post=6630"},{"taxonomy":"post_tag","embeddable":true,"href":"https:\/\/www.sportchaco.com.ar\/index.php?rest_route=%2Fwp%2Fv2%2Ftags&post=6630"}],"curies":[{"name":"wp","href":"https:\/\/api.w.org\/{rel}","templated":true}]}}