{"id":6810,"date":"2024-03-12T23:25:40","date_gmt":"2024-03-13T02:25:40","guid":{"rendered":"https:\/\/www.sportchaco.com.ar\/?p=6810"},"modified":"2024-03-12T23:46:02","modified_gmt":"2024-03-13T02:46:02","slug":"firma-de-convenio-por-tecnicatura-en-periodismo-deportivo","status":"publish","type":"post","link":"https:\/\/www.sportchaco.com.ar\/?p=6810","title":{"rendered":"Firma de Convenio por \u00abTecnicatura en periodismo deportivo\u00bb"},"content":{"rendered":"<p>&nbsp;<\/p>\n<p>El presidente del Instituto del Deporte Chaque\u00f1o, profesor Fabio V\u00e1zquez, acompa\u00f1\u00f3 la firma de convenio entre el C\u00edrculo de Periodistas Deportivos del Chaco y la Fundaci\u00f3n Foro Social del NEA, en la carrera de *Tecnicatura en periodismo deportivo*.<\/p>\n<p><img loading=\"lazy\" decoding=\"async\" class=\"alignnone size-full wp-image-6824\" src=\"https:\/\/www.sportchaco.com.ar\/wp-content\/uploads\/2024\/03\/200x2001.gif\" alt=\"\" width=\"200\" height=\"200\" \/><br \/>\nLa misma se realiz\u00f3 esta ma\u00f1ana en la sede del C\u00edrculo de periodistas deportivos del Chaco (Av. Italia 1146)<\/p>\n<p>De esta manera seguiremos acompa\u00f1ando el perfeccionamiento y capacitaci\u00f3n\u00a0 para la implementaci\u00f3n en nuestro medio del periodismo deportivo Chaque\u00f1o -expreso el titular de la cartera deportiva-<\/p>\n","protected":false},"excerpt":{"rendered":"<p>&nbsp; El presidente del Instituto del Deporte Chaque\u00f1o, profesor Fabio V\u00e1zquez, acompa\u00f1\u00f3 la firma de convenio entre el C\u00edrculo de Periodistas Deportivos del Chaco y la Fundaci\u00f3n Foro Social del NEA, en la carrera de *Tecnicatura en periodismo deportivo*. La misma se realiz\u00f3 esta ma\u00f1ana en la sede del C\u00edrculo de periodistas deportivos del Chaco &hellip;<\/p>\n","protected":false},"author":2,"featured_media":6811,"comment_status":"open","ping_status":"open","sticky":false,"template":"","format":"standard","meta":{"footnotes":""},"categories":[1],"tags":[],"class_list":["post-6810","post","type-post","status-publish","format-standard","has-post-thumbnail","hentry","category-fotos-del-recuerdo"],"_links":{"self":[{"href":"https:\/\/www.sportchaco.com.ar\/index.php?rest_route=\/wp\/v2\/posts\/6810","targetHints":{"allow":["GET"]}}],"collection":[{"href":"https:\/\/www.sportchaco.com.ar\/index.php?rest_route=\/wp\/v2\/posts"}],"about":[{"href":"https:\/\/www.sportchaco.com.ar\/index.php?rest_route=\/wp\/v2\/types\/post"}],"author":[{"embeddable":true,"href":"https:\/\/www.sportchaco.com.ar\/index.php?rest_route=\/wp\/v2\/users\/2"}],"replies":[{"embeddable":true,"href":"https:\/\/www.sportchaco.com.ar\/index.php?rest_route=%2Fwp%2Fv2%2Fcomments&post=6810"}],"version-history":[{"count":2,"href":"https:\/\/www.sportchaco.com.ar\/index.php?rest_route=\/wp\/v2\/posts\/6810\/revisions"}],"predecessor-version":[{"id":6826,"href":"https:\/\/www.sportchaco.com.ar\/index.php?rest_route=\/wp\/v2\/posts\/6810\/revisions\/6826"}],"wp:featuredmedia":[{"embeddable":true,"href":"https:\/\/www.sportchaco.com.ar\/index.php?rest_route=\/wp\/v2\/media\/6811"}],"wp:attachment":[{"href":"https:\/\/www.sportchaco.com.ar\/index.php?rest_route=%2Fwp%2Fv2%2Fmedia&parent=6810"}],"wp:term":[{"taxonomy":"category","embeddable":true,"href":"https:\/\/www.sportchaco.com.ar\/index.php?rest_route=%2Fwp%2Fv2%2Fcategories&post=6810"},{"taxonomy":"post_tag","embeddable":true,"href":"https:\/\/www.sportchaco.com.ar\/index.php?rest_route=%2Fwp%2Fv2%2Ftags&post=6810"}],"curies":[{"name":"wp","href":"https:\/\/api.w.org\/{rel}","templated":true}]}}