{"id":6836,"date":"2024-03-13T12:44:21","date_gmt":"2024-03-13T15:44:21","guid":{"rendered":"https:\/\/www.sportchaco.com.ar\/?p=6836"},"modified":"2024-03-13T12:45:32","modified_gmt":"2024-03-13T15:45:32","slug":"lucas-comesana-sera-el-arbitro-de-almagro-for-ever","status":"publish","type":"post","link":"https:\/\/www.sportchaco.com.ar\/?p=6836","title":{"rendered":"Lucas Comesa\u00f1a ser\u00e1 el \u00e1rbitro de Almagro-For Ever"},"content":{"rendered":"<p><strong>13-03-2024<\/strong><\/p>\n<p><img loading=\"lazy\" decoding=\"async\" class=\" wp-image-6828 aligncenter\" src=\"https:\/\/www.sportchaco.com.ar\/wp-content\/uploads\/2024\/03\/gob-salud-apaisado-marzo-300x37.gif\" alt=\"\" width=\"381\" height=\"47\" \/><\/p>\n<p>Salieron las designaciones de la Asociaci\u00f3n del F\u00fatbol Argentino para la 7\u00aa fecha de la Primera Nacional, y para el partido de la zona B entre Almagro y For Ever, el \u00e1rbitro designado fue Lucas Comesa\u00f1a.<\/p>\n<p>Quienes acompa\u00f1ar\u00e1n en el cuerpo arbitral ser\u00e1n Jos\u00e9 Castelli y Mat\u00edas Balmaceda, en funci\u00f3n de asitentes y de cuarto juez estar\u00e1 Mauro Biasutto. El encuentro se jugar\u00e1 este domingo a las 16 horas en el estadio \u00abTres de Febrero\u00bb.<\/p>\n<p>En cuanto al pol\u00e9mico refer\u00ed principal, el recuerdo del \u00faltimo partido que dirigi\u00f3 al \u00abnegro\u00bb no dej\u00f3 buenos recuerdos, ya que en aquella jornada de abril del a\u00f1o pasado ech\u00f3 a dos jugadores, del entonces tambi\u00e9n, equipo de Osella, cobr\u00f3 un ins\u00f3lito penal a favor de Riestra y amonest\u00f3 a 6 jugadores de For Ever. Igual el \u00abalbinegro\u00bb se impuso 2 a 1 en un \u00e9pico encuentro.<\/p>\n<p>Comesa\u00f1a volver\u00e1 a dirigir al representante chaque\u00f1o en condici\u00f3n de visitante por tercera vez desde su regreso a la segunda divisi\u00f3n del f\u00fatbol argentino tras haber estado en el empate ante San Telmo (1-1) de la temporada 2022 y en la derrota (3-0) en la temporada 2023 ante Estudiantes de Caseros.<\/p>\n<p><img loading=\"lazy\" decoding=\"async\" class=\"size-full wp-image-6824 aligncenter\" src=\"https:\/\/www.sportchaco.com.ar\/wp-content\/uploads\/2024\/03\/200x2001.gif\" alt=\"\" width=\"200\" height=\"200\" \/><\/p>\n","protected":false},"excerpt":{"rendered":"<p>13-03-2024 Salieron las designaciones de la Asociaci\u00f3n del F\u00fatbol Argentino para la 7\u00aa fecha de la Primera Nacional, y para el partido de la zona B entre Almagro y For Ever, el \u00e1rbitro designado fue Lucas Comesa\u00f1a. Quienes acompa\u00f1ar\u00e1n en el cuerpo arbitral ser\u00e1n Jos\u00e9 Castelli y Mat\u00edas Balmaceda, en funci\u00f3n de asitentes y de &hellip;<\/p>\n","protected":false},"author":3,"featured_media":6837,"comment_status":"open","ping_status":"open","sticky":false,"template":"","format":"standard","meta":{"footnotes":""},"categories":[5],"tags":[],"class_list":["post-6836","post","type-post","status-publish","format-standard","has-post-thumbnail","hentry","category-futbol"],"_links":{"self":[{"href":"https:\/\/www.sportchaco.com.ar\/index.php?rest_route=\/wp\/v2\/posts\/6836","targetHints":{"allow":["GET"]}}],"collection":[{"href":"https:\/\/www.sportchaco.com.ar\/index.php?rest_route=\/wp\/v2\/posts"}],"about":[{"href":"https:\/\/www.sportchaco.com.ar\/index.php?rest_route=\/wp\/v2\/types\/post"}],"author":[{"embeddable":true,"href":"https:\/\/www.sportchaco.com.ar\/index.php?rest_route=\/wp\/v2\/users\/3"}],"replies":[{"embeddable":true,"href":"https:\/\/www.sportchaco.com.ar\/index.php?rest_route=%2Fwp%2Fv2%2Fcomments&post=6836"}],"version-history":[{"count":2,"href":"https:\/\/www.sportchaco.com.ar\/index.php?rest_route=\/wp\/v2\/posts\/6836\/revisions"}],"predecessor-version":[{"id":6839,"href":"https:\/\/www.sportchaco.com.ar\/index.php?rest_route=\/wp\/v2\/posts\/6836\/revisions\/6839"}],"wp:featuredmedia":[{"embeddable":true,"href":"https:\/\/www.sportchaco.com.ar\/index.php?rest_route=\/wp\/v2\/media\/6837"}],"wp:attachment":[{"href":"https:\/\/www.sportchaco.com.ar\/index.php?rest_route=%2Fwp%2Fv2%2Fmedia&parent=6836"}],"wp:term":[{"taxonomy":"category","embeddable":true,"href":"https:\/\/www.sportchaco.com.ar\/index.php?rest_route=%2Fwp%2Fv2%2Fcategories&post=6836"},{"taxonomy":"post_tag","embeddable":true,"href":"https:\/\/www.sportchaco.com.ar\/index.php?rest_route=%2Fwp%2Fv2%2Ftags&post=6836"}],"curies":[{"name":"wp","href":"https:\/\/api.w.org\/{rel}","templated":true}]}}