{"id":6841,"date":"2024-03-13T15:04:02","date_gmt":"2024-03-13T18:04:02","guid":{"rendered":"https:\/\/www.sportchaco.com.ar\/?p=6841"},"modified":"2025-01-24T12:57:03","modified_gmt":"2025-01-24T15:57:03","slug":"el-circulo-de-periodistas-deportivos-del-chaco-lanzo-la-carrera-de-periodismo-deportivo","status":"publish","type":"post","link":"https:\/\/www.sportchaco.com.ar\/?p=6841","title":{"rendered":"El C\u00edrculo de Periodistas Deportivos del Chaco lanz\u00f3 la carrera de periodismo deportivo"},"content":{"rendered":"<p><strong>13-03-2024<\/strong><\/p>\n<p><img loading=\"lazy\" decoding=\"async\" class=\" wp-image-6819 aligncenter\" src=\"https:\/\/www.sportchaco.com.ar\/wp-content\/uploads\/2024\/03\/gob-marzo-fumigo-apaisado-logo-si-300x50.jpg\" alt=\"\" width=\"360\" height=\"60\" srcset=\"https:\/\/www.sportchaco.com.ar\/wp-content\/uploads\/2024\/03\/gob-marzo-fumigo-apaisado-logo-si-300x50.jpg 300w, https:\/\/www.sportchaco.com.ar\/wp-content\/uploads\/2024\/03\/gob-marzo-fumigo-apaisado-logo-si-1024x171.jpg 1024w, https:\/\/www.sportchaco.com.ar\/wp-content\/uploads\/2024\/03\/gob-marzo-fumigo-apaisado-logo-si-768x128.jpg 768w, https:\/\/www.sportchaco.com.ar\/wp-content\/uploads\/2024\/03\/gob-marzo-fumigo-apaisado-logo-si.jpg 1200w\" sizes=\"auto, (max-width: 360px) 100vw, 360px\" \/><\/p>\n<div class=\"x11i5rnm xat24cr x1mh8g0r x1vvkbs xtlvy1s x126k92a\">\n<div dir=\"auto\">Los j\u00f3venes de la provincia y de la regi\u00f3n y los que se encuentran ejerciendo el periodismo deportivo en diversos medios, tendr\u00e1n la posibilidad de cursar la Tecnicatura Superior en Periodismo Deportivo a partir de la segunda quincena del mes de abril. El convenio marco de cooperaci\u00f3n interinstitucional contempla el dictado de la misma tras la firma registrada ayer por la Fundaci\u00f3n Foro Social del NEA, propietaria de la Unidad Educativa de Gesti\u00f3n Privada N\u00b0 157, y el C\u00edrculo de Periodistas Deportivos del Chaco.<\/div>\n<div dir=\"auto\"><\/div>\n<div dir=\"auto\">En el marco de una conferencia de prensa celebrada en la sede social de avenida Italia 1146, se presentaron los detalles de la carrera a cursarse durante 3 a\u00f1os, cuyo t\u00edtulo tiene validez nacional.<\/div>\n<div dir=\"auto\"><\/div>\n<div dir=\"auto\">Estuvieron presentes, Mabel Roldan, titular de la Fundaci\u00f3n Foro Social del NEA; el diputado provincial, Carlos Salom; el presidente del Instituto del Deporte Chaque\u00f1o, profesor Fabio V\u00e1zquez, y el vicepresidente del C\u00edrculo de Periodistas, Edison Omar Rodr\u00edguez (hijo), junto a miembros de comisi\u00f3n directiva y ex presidentes de la instituci\u00f3n.<\/div>\n<div dir=\"auto\"><\/div>\n<div dir=\"auto\">\u201cEs un momento especial y largamente buscado por nuestra instituci\u00f3n, que permite hacer posible el acceso a la formaci\u00f3n de los j\u00f3venes que deseen estudiar esta apasionante carrera o los que se encuentran ejerciendo en diversos medios\u201d asegur\u00f3 Edison Omar Rodr\u00edguez (hijo) en la apertura de la conferencia de prensa.<\/div>\n<div dir=\"auto\"><\/div>\n<div dir=\"auto\">Agreg\u00f3: \u201cEsta fue una iniciativa de Jorge Diel hace muchos a\u00f1os, no est\u00e1 entre nosotros, pero seguro que nos acompa\u00f1a desde el cielo, de manera que hoy nos enorgullece rubricar este acuerdo. Si bien, no prosperaron las primeras gestiones con el grupo Cr\u00f3nica, hace muchos a\u00f1os, luego otras gestiones intentaron avanzar con la implementaci\u00f3n de la carrera, pero no se lleg\u00f3 a un acuerdo. Realmente es un paso muy positivo que nos permitir\u00e1 tener mejores profesionales\u201d.<\/div>\n<div dir=\"auto\"><\/div>\n<div dir=\"auto\"><strong>Mabel Rol\u00f3n<\/strong><\/div>\n<div dir=\"auto\">Por su parte, la titular de la Fundaci\u00f3n Foro Social del NEA, valor\u00f3 que \u201crescatar el sue\u00f1o de Jorge Diel nos hace sentir que estamos haciendo algo por lo que \u00e9l luch\u00f3 para que as\u00ed sea, al punto de saber transmitirlo a quienes quedamos para seguir adelante. Ac\u00e1 est\u00e1 su hijo Pablo y M\u00f3nica, quienes trabajaron para lograr la autorizaci\u00f3n del ministerio, para que esta tecnicatura haga posible la formaci\u00f3n de periodistas profesionales como fue su sue\u00f1o y el de sus colegas\u201d.<\/div>\n<div dir=\"auto\"><\/div>\n<div dir=\"auto\">M\u00e1s adelante, sostuvo: \u201cLo primero que pensamos una vez concretada la posibilidad de dictar la tecnicatura es que el C\u00edrculo de Periodistas fuera parte del proyecto. Trabajaremos juntos, brindaremos becas para que la instituci\u00f3n decida otorgar las mismas a sus socios con intenciones de formarse\u201d.<\/div>\n<div dir=\"auto\"><\/div>\n<div dir=\"auto\">Record\u00f3: \u201cnuestra fundaci\u00f3n tiene su historia en el Chaco con una vigencia de trece a\u00f1os, radicada en Chaco con varias sedes en diferentes localidades, esta de periodismo deportivo se dictar\u00e1 en Resistencia, pensada en los que trabajan que podr\u00e1n hacer la teor\u00eda y la pr\u00e1ctica de manera virtual. Para nosotros tambi\u00e9n es un d\u00eda muy especial para los que fuimos familia de Jorge, es un logro.\u201d<\/div>\n<\/div>\n<div dir=\"auto\"><\/div>\n<div class=\"x11i5rnm xat24cr x1mh8g0r x1vvkbs xtlvy1s x126k92a\">\n<div dir=\"auto\">\n<header>\n<div><\/div>\n<\/header>\n<section class=\"body\">\n<section class=\"content\">\n<div class=\"main-text\">\n<div class=\" large m_image\">\n<figure><picture><source srcset=\"https:\/\/www.diarionorte.com\/content\/bucket\/9\/356069w750h521c.jpg.webp\" type=\"image\/webp\" media=\"(min-width: 640px)\" \/><source srcset=\"https:\/\/www.diarionorte.com\/content\/bucket\/9\/356069w440h305c.jpg.webp\" type=\"image\/webp\" media=\"(min-width: 300px)\" \/><source srcset=\"https:\/\/www.diarionorte.com\/content\/bucket\/9\/356069w750h521c.jpg\" media=\"(min-width: 300px)\" \/><img loading=\"lazy\" decoding=\"async\" class=\"pic\" src=\"https:\/\/www.diarionorte.com\/content\/bucket\/9\/356069w750h521c.jpg.webp\" alt=\"\" width=\"750\" height=\"521\" \/><\/picture><figcaption>Mabel Rol\u00f3n recibe la copia del convenio rubricado de manos de Edison Omar Rodr\u00edguez (h), junto a Fabio V\u00e1zquez y Carlos Salom.<\/figcaption><\/figure>\n<\/div>\n<div class=\" large m_image\">\n<figure><picture><source srcset=\"https:\/\/www.diarionorte.com\/content\/bucket\/0\/356070w750h472c.jpg.webp\" type=\"image\/webp\" media=\"(min-width: 640px)\" \/><source srcset=\"https:\/\/www.diarionorte.com\/content\/bucket\/0\/356070w440h277c.jpg.webp\" type=\"image\/webp\" media=\"(min-width: 300px)\" \/><source srcset=\"https:\/\/www.diarionorte.com\/content\/bucket\/0\/356070w750h472c.jpg\" media=\"(min-width: 300px)\" \/><img loading=\"lazy\" decoding=\"async\" class=\"pic\" src=\"https:\/\/www.diarionorte.com\/content\/bucket\/0\/356070w750h472c.jpg.webp\" alt=\"\" width=\"750\" height=\"472\" \/><\/picture><figcaption>La conferencia de prensa cont\u00f3 con la presencia de ex presidentes del C\u00edrculo de Periodistas y la familia del recordado Jorge Diel.<\/figcaption><\/figure>\n<\/div>\n<h2>FABIO V\u00c1ZQUEZ<\/h2>\n<p>El presidente del Instituto del Deporte, Fabio V\u00e1zquez, valor\u00f3 que las nuevas generaciones de periodistas deportivos accedan a la formaci\u00f3n acad\u00e9mica. \u00abSeguiremos acompa\u00f1ando el perfeccionamiento y capacitaci\u00f3n para la implementaci\u00f3n en nuestro medio del periodismo deportivo chaque\u00f1o\u00bb<\/p>\n<h2>CARLOS SALOM<\/h2>\n<p>El diputado provincial Carlos Salom asegur\u00f3: \u00abLa sociedad se construye con educaci\u00f3n que es el pilar, con formaci\u00f3n e ilustraci\u00f3n se accede a la verdadera libertad a trav\u00e9s del conocimiento. Festejo y felicito por esta decisi\u00f3n tan importante de seguir la obra del colega Jorge Diel, quien tiene continuidad en la vida a trav\u00e9s del recuerdo\u00bb.<\/p>\n<p>M\u00e1s adelante, valor\u00f3: \u00abLos periodistas deportivos hacen un gran esfuerzo y trabajo diario para mejorar el deporte chaque\u00f1o en un presente muy dif\u00edcil. Esto que se acaba de firmar es el mejor ant\u00eddoto ante los males de la sociedad\u00bb.<\/p>\n<h2>REQUISITOS PARA INSCRIPCI\u00d3N<\/h2>\n<p>Este viernes se habilitar\u00e1 el registro de inscripci\u00f3n para los interesados en iniciar el ciclo de clases de la carrera, previsto para la segunda quincena del mes de abril. Se concretar\u00e1 en la sede social del C\u00edrculo de Periodistas, ubicada en avenida Italia 1146, en el horario de 8.30 a 11.30.<\/p>\n<p>Los estudiantes deber\u00e1n presentar: dos copias de partida nacimiento y original actualizado. Dos copias del documento nacional de identidad y el original actualizado. Una copia y original del t\u00edtulo secundario o constancia del t\u00edtulo en tr\u00e1mite. Dos fotos 4&#215;4 o foto carnet (para legajo y libreta). Toda la documentaci\u00f3n deber\u00e1 presentarse en un folio tama\u00f1o oficio.<\/p>\n<\/div>\n<\/section>\n<\/section>\n<\/div>\n<\/div>\n<div class=\"x11i5rnm xat24cr x1mh8g0r x1vvkbs xtlvy1s x126k92a\">\n<div dir=\"auto\"><\/div>\n<div dir=\"auto\"><img loading=\"lazy\" decoding=\"async\" class=\"size-medium wp-image-6745 aligncenter\" src=\"https:\/\/www.sportchaco.com.ar\/wp-content\/uploads\/2024\/02\/aVISO-4-1-240x300.jpeg\" alt=\"\" width=\"240\" height=\"300\" srcset=\"https:\/\/www.sportchaco.com.ar\/wp-content\/uploads\/2024\/02\/aVISO-4-1-240x300.jpeg 240w, https:\/\/www.sportchaco.com.ar\/wp-content\/uploads\/2024\/02\/aVISO-4-1-819x1024.jpeg 819w, https:\/\/www.sportchaco.com.ar\/wp-content\/uploads\/2024\/02\/aVISO-4-1-768x960.jpeg 768w, https:\/\/www.sportchaco.com.ar\/wp-content\/uploads\/2024\/02\/aVISO-4-1.jpeg 1080w\" sizes=\"auto, (max-width: 240px) 100vw, 240px\" \/><\/div>\n<\/div>\n","protected":false},"excerpt":{"rendered":"<p>13-03-2024 Los j\u00f3venes de la provincia y de la regi\u00f3n y los que se encuentran ejerciendo el periodismo deportivo en diversos medios, tendr\u00e1n la posibilidad de cursar la Tecnicatura Superior en Periodismo Deportivo a partir de la segunda quincena del mes de abril. El convenio marco de cooperaci\u00f3n interinstitucional contempla el dictado de la misma &hellip;<\/p>\n","protected":false},"author":3,"featured_media":6842,"comment_status":"open","ping_status":"open","sticky":false,"template":"","format":"standard","meta":{"footnotes":""},"categories":[44],"tags":[],"class_list":["post-6841","post","type-post","status-publish","format-standard","has-post-thumbnail","hentry","category-varios"],"_links":{"self":[{"href":"https:\/\/www.sportchaco.com.ar\/index.php?rest_route=\/wp\/v2\/posts\/6841","targetHints":{"allow":["GET"]}}],"collection":[{"href":"https:\/\/www.sportchaco.com.ar\/index.php?rest_route=\/wp\/v2\/posts"}],"about":[{"href":"https:\/\/www.sportchaco.com.ar\/index.php?rest_route=\/wp\/v2\/types\/post"}],"author":[{"embeddable":true,"href":"https:\/\/www.sportchaco.com.ar\/index.php?rest_route=\/wp\/v2\/users\/3"}],"replies":[{"embeddable":true,"href":"https:\/\/www.sportchaco.com.ar\/index.php?rest_route=%2Fwp%2Fv2%2Fcomments&post=6841"}],"version-history":[{"count":4,"href":"https:\/\/www.sportchaco.com.ar\/index.php?rest_route=\/wp\/v2\/posts\/6841\/revisions"}],"predecessor-version":[{"id":16000,"href":"https:\/\/www.sportchaco.com.ar\/index.php?rest_route=\/wp\/v2\/posts\/6841\/revisions\/16000"}],"wp:featuredmedia":[{"embeddable":true,"href":"https:\/\/www.sportchaco.com.ar\/index.php?rest_route=\/wp\/v2\/media\/6842"}],"wp:attachment":[{"href":"https:\/\/www.sportchaco.com.ar\/index.php?rest_route=%2Fwp%2Fv2%2Fmedia&parent=6841"}],"wp:term":[{"taxonomy":"category","embeddable":true,"href":"https:\/\/www.sportchaco.com.ar\/index.php?rest_route=%2Fwp%2Fv2%2Fcategories&post=6841"},{"taxonomy":"post_tag","embeddable":true,"href":"https:\/\/www.sportchaco.com.ar\/index.php?rest_route=%2Fwp%2Fv2%2Ftags&post=6841"}],"curies":[{"name":"wp","href":"https:\/\/api.w.org\/{rel}","templated":true}]}}