{"id":6883,"date":"2024-03-14T10:46:22","date_gmt":"2024-03-14T13:46:22","guid":{"rendered":"https:\/\/www.sportchaco.com.ar\/?p=6883"},"modified":"2024-03-14T12:25:01","modified_gmt":"2024-03-14T15:25:01","slug":"los-mensajes-de-apoyo-para-daniel-osvaldo-tras-su-pedido-de-ayuda","status":"publish","type":"post","link":"https:\/\/www.sportchaco.com.ar\/?p=6883","title":{"rendered":"Los mensajes de apoyo para Daniel Osvaldo tras su pedido de ayuda"},"content":{"rendered":"<header class=\"article-header-wrapper\">\n<div class=\"article-header \">\n<h6 id=\"de-leandro-paredes-a-gaston-pauls:-los-mensajes-de-apoyo-para-daniel-osvaldo-tras-su-pedido-de-ayuda\" class=\"article-headline left \">14-03-2024<\/h6>\n<h2 class=\"article-subheadline left \">Despu\u00e9s del video que public\u00f3 el ex futbolista, varios personajes del ambiente del f\u00fatbol y de otros sectores mostraron su apoyo<\/h2>\n<\/div>\n<\/header>\n<article class=\"article\">\n<div class=\"sharebar-container\">\n<div class=\"sharebar-buttons-container\">\n<div class=\"sharebar-buttons button-listen\" tabindex=\"0\" role=\"button\" aria-label=\"Escuchar\">\n<p class=\"buttons-text\">\n<\/div>\n<\/div>\n<\/div>\n<div class=\"body-article\">\n<div class=\"jwplayer-ctn\">\n<div>\n<div id=\"PGJPJQELSFGUPPSWCSY2NU3YG4\" class=\"jwplayer jw-reset jw-state-idle jw-stretch-uniform jw-flag-aspect-mode jw-breakpoint-4 jw-floating-dismissible jw-keep-thumbnail jw-flag-user-inactive\" tabindex=\"0\" role=\"application\" aria-label=\"Reproductor de Video\" aria-describedby=\"jw-PGJPJQELSFGUPPSWCSY2NU3YG4-shortcuts-tooltip-explanation\">\n<div class=\"jw-wrapper jw-reset\">\n<div>\n<div>\n<div><\/div>\n<\/div>\n<div class=\"jw-contract-trigger\"><\/div>\n<\/div>\n<div class=\"jw-top jw-reset\"><\/div>\n<div class=\"jw-aspect jw-reset\"><\/div>\n<div class=\"jw-media jw-reset\"><\/div>\n<div class=\"jw-preview jw-reset\"><\/div>\n<\/div>\n<\/div>\n<\/div>\n<\/div>\n<p class=\"paragraph\"><strong><span style=\"color: #000000;\"><a style=\"color: #000000;\" href=\"https:\/\/www.infobae.com\/deportes\/2024\/03\/14\/drogas-depresion-y-alcohol-el-dramatico-pedido-de-ayuda-de-daniel-osvaldo\/\" target=\"_blank\" rel=\"noopener noreferrer\">Daniel Osvaldo public\u00f3 un video de casi 10 minutos en el que cont\u00f3 los problemas de salud mental y las adicciones contra las que est\u00e1 peleando actualmente en su vida<\/a>.<\/span><\/strong><\/p>\n<ul>\n<li>El ex futbolista se film\u00f3 y cont\u00f3 entre l\u00e1grimas el angustiante momento que atraviesa.<\/li>\n<li>\u00abMi vida se me est\u00e1 yendo de las manos\u00bb, confes\u00f3.<\/li>\n<li>Hace pocos d\u00edas se hab\u00eda separado de la periodista Daniela Ballester.<\/li>\n<\/ul>\n<p class=\"paragraph\">\u201cHace mucho tiempo que vengo lidiando con una depresi\u00f3n muy grande. Esa depresi\u00f3n me hizo caer en adicciones, alcohol y drogas. Y la verdad es que estoy en un momento en el cual mi vida se me est\u00e1 yendo de las manos\u201d, confes\u00f3 en una historia de su cuenta de\u00a0<i>Instagram<\/i>.<\/p>\n<div class=\"recommended-card__info\"><\/div>\n<p class=\"paragraph\">R\u00e1pidamente, las im\u00e1genes tomaron dominio p\u00fablico y varios personajes del ambiente del f\u00fatbol se hicieron presente en los comentarios de la publicaci\u00f3n del ex delantero de la selecci\u00f3n de Italia para dejarle su apoyo. Uno de los que se sum\u00f3 fue un jugador campe\u00f3n del mundo con Argentina en el Mundial de Qatar.\u00a0\u201cVamos dani querido!!!! fuerza que todo va a estar bien\u201d, fueron las palabras que utiliz\u00f3\u00a0Leandro Paredes\u00a0para acompa\u00f1ar en este dif\u00edcil momento a Osvaldo.<\/p>\n<p class=\"paragraph\">Otro que quiso estar presente fue\u00a0Dar\u00edo Cvitanich, ex delantero de Boca Juniors, Racing Club y otros equipos del f\u00fatbol argentino.\u00a0\u201cVamos Dani, el primer paso es hablarlo, partido dif\u00edcil que vas a sacar adelante con la gente que te quiere y necesita verte bien\u2026. sos un guerrero goleador!!!\u201d, escribi\u00f3 el ex futbolista de 39 a\u00f1os.<\/p>\n<p class=\"paragraph\">Por su parte, el que tambi\u00e9n apareci\u00f3 para demostrar su apoyo al ex atacante naturalizado italiano fue el actor\u00a0Gast\u00f3n Pauls, quien atraves\u00f3 un extenso proceso de adicciones y actualmente dedica sus d\u00edas a acompa\u00f1ar a otras personas en esa situaci\u00f3n.\u00a0\u201cVamos Dani querido, ac\u00e1 estoy. Un d\u00eda a la vez. Abrazo enorme\u201d, expres\u00f3 el hombre conocido por su aparici\u00f3n en ic\u00f3nicos programas de TV y pel\u00edculas del cine nacional. El artista de 52 a\u00f1os inici\u00f3 en 2021 un ciclo televisivo llamado\u00a0<i>\u201cSeres Libres\u201d<\/i>, en el que habla con sus invitados de las distintas adicciones contra las que pelean.<\/p>\n<\/div>\n<p><img loading=\"lazy\" decoding=\"async\" class=\"alignnone size-full wp-image-6871\" src=\"https:\/\/www.sportchaco.com.ar\/wp-content\/uploads\/2024\/03\/gob-salud-marzo-apaisado-2.gif\" alt=\"\" width=\"250\" height=\"250\" \/><\/p>\n<\/article>\n","protected":false},"excerpt":{"rendered":"<p>14-03-2024 Despu\u00e9s del video que public\u00f3 el ex futbolista, varios personajes del ambiente del f\u00fatbol y de otros sectores mostraron su apoyo Daniel Osvaldo public\u00f3 un video de casi 10 minutos en el que cont\u00f3 los problemas de salud mental y las adicciones contra las que est\u00e1 peleando actualmente en su vida. El ex futbolista &hellip;<\/p>\n","protected":false},"author":2,"featured_media":6884,"comment_status":"open","ping_status":"open","sticky":false,"template":"","format":"standard","meta":{"footnotes":""},"categories":[44],"tags":[],"class_list":["post-6883","post","type-post","status-publish","format-standard","has-post-thumbnail","hentry","category-varios"],"_links":{"self":[{"href":"https:\/\/www.sportchaco.com.ar\/index.php?rest_route=\/wp\/v2\/posts\/6883","targetHints":{"allow":["GET"]}}],"collection":[{"href":"https:\/\/www.sportchaco.com.ar\/index.php?rest_route=\/wp\/v2\/posts"}],"about":[{"href":"https:\/\/www.sportchaco.com.ar\/index.php?rest_route=\/wp\/v2\/types\/post"}],"author":[{"embeddable":true,"href":"https:\/\/www.sportchaco.com.ar\/index.php?rest_route=\/wp\/v2\/users\/2"}],"replies":[{"embeddable":true,"href":"https:\/\/www.sportchaco.com.ar\/index.php?rest_route=%2Fwp%2Fv2%2Fcomments&post=6883"}],"version-history":[{"count":1,"href":"https:\/\/www.sportchaco.com.ar\/index.php?rest_route=\/wp\/v2\/posts\/6883\/revisions"}],"predecessor-version":[{"id":6885,"href":"https:\/\/www.sportchaco.com.ar\/index.php?rest_route=\/wp\/v2\/posts\/6883\/revisions\/6885"}],"wp:featuredmedia":[{"embeddable":true,"href":"https:\/\/www.sportchaco.com.ar\/index.php?rest_route=\/wp\/v2\/media\/6884"}],"wp:attachment":[{"href":"https:\/\/www.sportchaco.com.ar\/index.php?rest_route=%2Fwp%2Fv2%2Fmedia&parent=6883"}],"wp:term":[{"taxonomy":"category","embeddable":true,"href":"https:\/\/www.sportchaco.com.ar\/index.php?rest_route=%2Fwp%2Fv2%2Fcategories&post=6883"},{"taxonomy":"post_tag","embeddable":true,"href":"https:\/\/www.sportchaco.com.ar\/index.php?rest_route=%2Fwp%2Fv2%2Ftags&post=6883"}],"curies":[{"name":"wp","href":"https:\/\/api.w.org\/{rel}","templated":true}]}}