{"id":6901,"date":"2024-03-14T18:17:05","date_gmt":"2024-03-14T21:17:05","guid":{"rendered":"https:\/\/www.sportchaco.com.ar\/?p=6901"},"modified":"2024-03-14T18:17:05","modified_gmt":"2024-03-14T21:17:05","slug":"for-ever-perfila-el-equipo-que-visitara-a-almagro","status":"publish","type":"post","link":"https:\/\/www.sportchaco.com.ar\/?p=6901","title":{"rendered":"For Ever perfila el equipo que visitar\u00e1 a Almagro"},"content":{"rendered":"<p><strong>14-03-2024<\/strong><\/p>\n<p><img loading=\"lazy\" decoding=\"async\" class=\" wp-image-6833 aligncenter\" src=\"https:\/\/www.sportchaco.com.ar\/wp-content\/uploads\/2024\/03\/gob-obras-marzo-apaisado-300x29.gif\" alt=\"\" width=\"341\" height=\"33\" srcset=\"https:\/\/www.sportchaco.com.ar\/wp-content\/uploads\/2024\/03\/gob-obras-marzo-apaisado-300x29.gif 300w, https:\/\/www.sportchaco.com.ar\/wp-content\/uploads\/2024\/03\/gob-obras-marzo-apaisado-768x74.gif 768w\" sizes=\"auto, (max-width: 341px) 100vw, 341px\" \/><\/p>\n<p>For Ever entren\u00f3 este jueves por la ma\u00f1ana en el estadio \u00abJuan Alberto Garc\u00eda\u00bb donde el entrenador, Diego Osella\u00bb llev\u00f3 a cabo la pr\u00e1ctica de f\u00fatbol de cara al partido ante Almagro.<\/p>\n<p>El \u00abalbinegro\u00bb visitar\u00e1 al \u00abtricolor\u00bb este domingo a partir de las 16 horas en el \u00abTres de Febrero\u00bb con el arbitraje de Lucas Comesa\u00f1a.<\/p>\n<p>Pensado en dicho encuentro, el equipo de Osella prob\u00f3 con un equipo, que de no mediar inconvenientes es el que jugar\u00eda en Buenos Aires. En cuanto al \u00ab11\u00bb, fue el mismo que sali\u00f3 a la cancha en la victoria ante Brown de Adrogu\u00e9. Es decir con <strong>Gast\u00f3n Canuto; Lucio P\u00e9rez, David Valdez, Milton Leyendeker y Mathias Silvera; Gast\u00f3n Novero, Rodrigo Vel\u00e9z, Brian Nievas y Gonzalo Lucero; Genaro Rossi y Jonathan Dellarossa.<\/strong><\/p>\n<p>La mala noticia en el entrenamiento se dio con la confirmaci\u00f3n de la lesi\u00f3n de Gonzalo Ca\u00f1ete que ven\u00eda de debutar y sumar sus primeros minutos en el \u00abnegro\u00bb el \u00faltimo fin de semana.<\/p>\n<p>Lo cierto es que la \u00abjoya\u00bb tiene una distensi\u00f3n en su rodilla izquierda con lo cual fue descartado ya para el viaje a Almagro. Probablemente su lugar entre los concentrados sea ocupado por Marcos Gim\u00e9nez.<\/p>\n<p>For Ever volver\u00e1 a entrenar este viernes por la ma\u00f1ana en el \u00abgigante\u00bb de la avenida y luego, por la noches, a las 21 horas, partir\u00e1 rumbo a Buenos Aires para afrontar su compromiso de la 7\u00aa fecha de la zona B de la Primera Nacional.<\/p>\n<p><img loading=\"lazy\" decoding=\"async\" class=\"size-full wp-image-6824 aligncenter\" src=\"https:\/\/www.sportchaco.com.ar\/wp-content\/uploads\/2024\/03\/200x2001.gif\" alt=\"\" width=\"200\" height=\"200\" \/><\/p>\n","protected":false},"excerpt":{"rendered":"<p>14-03-2024 For Ever entren\u00f3 este jueves por la ma\u00f1ana en el estadio \u00abJuan Alberto Garc\u00eda\u00bb donde el entrenador, Diego Osella\u00bb llev\u00f3 a cabo la pr\u00e1ctica de f\u00fatbol de cara al partido ante Almagro. El \u00abalbinegro\u00bb visitar\u00e1 al \u00abtricolor\u00bb este domingo a partir de las 16 horas en el \u00abTres de Febrero\u00bb con el arbitraje de &hellip;<\/p>\n","protected":false},"author":3,"featured_media":4208,"comment_status":"open","ping_status":"open","sticky":false,"template":"","format":"standard","meta":{"footnotes":""},"categories":[5],"tags":[],"class_list":["post-6901","post","type-post","status-publish","format-standard","has-post-thumbnail","hentry","category-futbol"],"_links":{"self":[{"href":"https:\/\/www.sportchaco.com.ar\/index.php?rest_route=\/wp\/v2\/posts\/6901","targetHints":{"allow":["GET"]}}],"collection":[{"href":"https:\/\/www.sportchaco.com.ar\/index.php?rest_route=\/wp\/v2\/posts"}],"about":[{"href":"https:\/\/www.sportchaco.com.ar\/index.php?rest_route=\/wp\/v2\/types\/post"}],"author":[{"embeddable":true,"href":"https:\/\/www.sportchaco.com.ar\/index.php?rest_route=\/wp\/v2\/users\/3"}],"replies":[{"embeddable":true,"href":"https:\/\/www.sportchaco.com.ar\/index.php?rest_route=%2Fwp%2Fv2%2Fcomments&post=6901"}],"version-history":[{"count":1,"href":"https:\/\/www.sportchaco.com.ar\/index.php?rest_route=\/wp\/v2\/posts\/6901\/revisions"}],"predecessor-version":[{"id":6902,"href":"https:\/\/www.sportchaco.com.ar\/index.php?rest_route=\/wp\/v2\/posts\/6901\/revisions\/6902"}],"wp:featuredmedia":[{"embeddable":true,"href":"https:\/\/www.sportchaco.com.ar\/index.php?rest_route=\/wp\/v2\/media\/4208"}],"wp:attachment":[{"href":"https:\/\/www.sportchaco.com.ar\/index.php?rest_route=%2Fwp%2Fv2%2Fmedia&parent=6901"}],"wp:term":[{"taxonomy":"category","embeddable":true,"href":"https:\/\/www.sportchaco.com.ar\/index.php?rest_route=%2Fwp%2Fv2%2Fcategories&post=6901"},{"taxonomy":"post_tag","embeddable":true,"href":"https:\/\/www.sportchaco.com.ar\/index.php?rest_route=%2Fwp%2Fv2%2Ftags&post=6901"}],"curies":[{"name":"wp","href":"https:\/\/api.w.org\/{rel}","templated":true}]}}