{"id":6911,"date":"2024-03-15T09:30:32","date_gmt":"2024-03-15T12:30:32","guid":{"rendered":"https:\/\/www.sportchaco.com.ar\/?p=6911"},"modified":"2024-03-15T01:28:30","modified_gmt":"2024-03-15T04:28:30","slug":"mosqueda-tengo-una-responsabilidad-muy-grande-al-manejar-la-liga-chaquena","status":"publish","type":"post","link":"https:\/\/www.sportchaco.com.ar\/?p=6911","title":{"rendered":"Mosqueda: \u00abTengo una responsabilidad muy grande al manejar la Liga Chaque\u00f1a\u00bb"},"content":{"rendered":"<p><strong>15-03-2024<\/strong><\/p>\n<p><img loading=\"lazy\" decoding=\"async\" class=\"wp-image-6723 aligncenter\" src=\"https:\/\/www.sportchaco.com.ar\/wp-content\/uploads\/2024\/03\/aviso-clausula-gallillo-acostado-2-1-300x29.jpg\" alt=\"\" width=\"434\" height=\"42\" srcset=\"https:\/\/www.sportchaco.com.ar\/wp-content\/uploads\/2024\/03\/aviso-clausula-gallillo-acostado-2-1-300x29.jpg 300w, https:\/\/www.sportchaco.com.ar\/wp-content\/uploads\/2024\/03\/aviso-clausula-gallillo-acostado-2-1-768x74.jpg 768w, https:\/\/www.sportchaco.com.ar\/wp-content\/uploads\/2024\/03\/aviso-clausula-gallillo-acostado-2-1.jpg 940w\" sizes=\"auto, (max-width: 434px) 100vw, 434px\" \/><\/p>\n<p>Tras desarrollarse la Asamblea en la Liga Chaque\u00f1a de F\u00fatbol, donde se aprob\u00f3 balance y memoria, pasaron las elecciones donde Ra\u00fal Mosqueda obtuvo la presidencia de la instituci\u00f3n.<\/p>\n<p>El dirigente de CUNE tendr\u00e1 una nueva etapa como presidente y declar\u00f3 como vivi\u00f3 el proceso del recuento de votos. \u00abFue una definici\u00f3n apasionante, un asambleista me dijo \u00abvas a ganar por un voto\u00bb y yo no le cre\u00ed, pero se dio as\u00ed. Ahora ya pasaron las elecciones y hay que ponerse a trabajar y hacerlo todos juntos. Hay que convocar a todos los clubes porque la elecci\u00f3n ya termin\u00f3. Ahora tengo una responsabilidad muy grande al manejar la Liga Chaque\u00f1a\u00bb.<\/p>\n<p>\u00abPuchi\u00bb Mosqueda tambi\u00e9n tuvo palabras para su vicepresidente. \u00abH\u00e9ctor G\u00f3mez es un pilar muy importante en esta lista, es un dirigente de mucha jerarqu\u00eda a nivel nacional y que est\u00e9 conmigo trabajando codo a codo es muy importante y valioso\u00bb, destac\u00f3.<\/p>\n<p>Al ser consultado por lo que se viene para la Liga Chaque\u00f1a, dijo: \u00abLo primero que se va a notar es el orden, lo dije siempre. Este viernes por la tarde ya tomar\u00e9 posici\u00f3n oficialmente en la Liga y veremos con que nos encontramos para empezar a trabajar, hay que ordenar la casa\u00bb.<\/p>\n<p>Con respecto a los campeonatos que se deben desarrollar durante el a\u00f1o, se\u00f1al\u00f3: \u00abEl fin de semana nos pondremos a trabajar con los clubes de la A y la B para ver que torneos quieren desarrollar y sea el mejor para todos. Si todo va bien, para el lunes podr\u00edamos tener bien detallado como y cuando comenzar\u00edan los campeonatos\u00bb.<\/p>\n<p>El nuevo presidente se\u00f1al\u00f3, una vez m\u00e1s, la importancia del trabajo unido de todos los clubes para tener una Liga Chaque\u00f1a de F\u00fatbol a la altura que marca su historia, en ese contexto, aport\u00f3: \u00abSe vienen tiempos dif\u00edciles para todos, el f\u00fatbol no es la excepci\u00f3n y por lo tanto hay que trabajar todos juntos, lo de las dos listas ya qued\u00f3 atr\u00e1s\u00bb.<\/p>\n<p>Adem\u00e1s, remarc\u00f3 la importancia de una reuni\u00f3n con el gobernador de la provincia, Leandro Zdero, para comentarle como funciona la Liga Chaque\u00f1a y poder contar con su apoyo.<\/p>\n<p>Para finalizar remarc\u00f3 la emoci\u00f3n que le provoca ser el presidente en el a\u00f1o del centenario de la Liga Chaque\u00f1a: \u00abEs un orgullo, hubo grandes dirigentes en nuestra Liga y que han dejado mucho por ella. No quiero superarlos, quiero hacer las cosas bien como las hicieron ellos, por algo fueron grandes dirigentes Gigli, Massaferro y tantos otros. Este triunfo va dedicado a mi familia y tambi\u00e9n a Pablo Toviggino y Javier Treuque\u00bb.<\/p>\n<p><strong>Foto: <em>Gentileza Programa Offside<\/em><\/strong><\/p>\n<p><img loading=\"lazy\" decoding=\"async\" class=\"size-medium wp-image-6745 aligncenter\" src=\"https:\/\/www.sportchaco.com.ar\/wp-content\/uploads\/2024\/02\/aVISO-4-1-240x300.jpeg\" alt=\"\" width=\"240\" height=\"300\" srcset=\"https:\/\/www.sportchaco.com.ar\/wp-content\/uploads\/2024\/02\/aVISO-4-1-240x300.jpeg 240w, https:\/\/www.sportchaco.com.ar\/wp-content\/uploads\/2024\/02\/aVISO-4-1-819x1024.jpeg 819w, https:\/\/www.sportchaco.com.ar\/wp-content\/uploads\/2024\/02\/aVISO-4-1-768x960.jpeg 768w, https:\/\/www.sportchaco.com.ar\/wp-content\/uploads\/2024\/02\/aVISO-4-1.jpeg 1080w\" sizes=\"auto, (max-width: 240px) 100vw, 240px\" \/><\/p>\n","protected":false},"excerpt":{"rendered":"<p>15-03-2024 Tras desarrollarse la Asamblea en la Liga Chaque\u00f1a de F\u00fatbol, donde se aprob\u00f3 balance y memoria, pasaron las elecciones donde Ra\u00fal Mosqueda obtuvo la presidencia de la instituci\u00f3n. El dirigente de CUNE tendr\u00e1 una nueva etapa como presidente y declar\u00f3 como vivi\u00f3 el proceso del recuento de votos. \u00abFue una definici\u00f3n apasionante, un asambleista &hellip;<\/p>\n","protected":false},"author":3,"featured_media":6912,"comment_status":"open","ping_status":"open","sticky":false,"template":"","format":"standard","meta":{"footnotes":""},"categories":[5],"tags":[],"class_list":["post-6911","post","type-post","status-publish","format-standard","has-post-thumbnail","hentry","category-futbol"],"_links":{"self":[{"href":"https:\/\/www.sportchaco.com.ar\/index.php?rest_route=\/wp\/v2\/posts\/6911","targetHints":{"allow":["GET"]}}],"collection":[{"href":"https:\/\/www.sportchaco.com.ar\/index.php?rest_route=\/wp\/v2\/posts"}],"about":[{"href":"https:\/\/www.sportchaco.com.ar\/index.php?rest_route=\/wp\/v2\/types\/post"}],"author":[{"embeddable":true,"href":"https:\/\/www.sportchaco.com.ar\/index.php?rest_route=\/wp\/v2\/users\/3"}],"replies":[{"embeddable":true,"href":"https:\/\/www.sportchaco.com.ar\/index.php?rest_route=%2Fwp%2Fv2%2Fcomments&post=6911"}],"version-history":[{"count":3,"href":"https:\/\/www.sportchaco.com.ar\/index.php?rest_route=\/wp\/v2\/posts\/6911\/revisions"}],"predecessor-version":[{"id":6915,"href":"https:\/\/www.sportchaco.com.ar\/index.php?rest_route=\/wp\/v2\/posts\/6911\/revisions\/6915"}],"wp:featuredmedia":[{"embeddable":true,"href":"https:\/\/www.sportchaco.com.ar\/index.php?rest_route=\/wp\/v2\/media\/6912"}],"wp:attachment":[{"href":"https:\/\/www.sportchaco.com.ar\/index.php?rest_route=%2Fwp%2Fv2%2Fmedia&parent=6911"}],"wp:term":[{"taxonomy":"category","embeddable":true,"href":"https:\/\/www.sportchaco.com.ar\/index.php?rest_route=%2Fwp%2Fv2%2Fcategories&post=6911"},{"taxonomy":"post_tag","embeddable":true,"href":"https:\/\/www.sportchaco.com.ar\/index.php?rest_route=%2Fwp%2Fv2%2Ftags&post=6911"}],"curies":[{"name":"wp","href":"https:\/\/api.w.org\/{rel}","templated":true}]}}