{"id":6958,"date":"2024-03-15T23:30:56","date_gmt":"2024-03-16T02:30:56","guid":{"rendered":"https:\/\/www.sportchaco.com.ar\/?p=6958"},"modified":"2024-03-15T23:30:56","modified_gmt":"2024-03-16T02:30:56","slug":"messi-sufre-una-lesion-y-esta-en-duda-en-amistosos-de-la-seleccion-argentina","status":"publish","type":"post","link":"https:\/\/www.sportchaco.com.ar\/?p=6958","title":{"rendered":"Messi sufre una lesi\u00f3n y est\u00e1 en duda en amistosos de la Selecci\u00f3n Argentina"},"content":{"rendered":"<header class=\"jsx-295841590\">\n<div class=\"jsx-3883602748 jsx-604324041\">\n<header class=\"article-header\">\n<h5><span class=\"timestamp \">15-03-2024\u00a0<\/span><\/h5>\n<\/header>\n<div class=\"article-body\">\n<div class=\"content-reactions reactions-not-allowed\" data-behavior=\"content_reactions\" data-contentid=\"13381755\" data-nowid=\"18-13381755\" data-contenttitle=\"Messi sufre una lesi\u00f3n y est\u00e1 en duda en amistosos de la Selecci\u00f3n Argentina\">\n<div class=\"content-reactions_reactions-wrapper\">\n<div class=\"share-button-wrapper\"><\/div>\n<\/div>\n<div class=\"content-reactions_count-wrapper\"><\/div>\n<\/div>\n<p><span style=\"color: #000000;\">Est\u00e1 en problemas. La\u00a0<a style=\"color: #000000;\" href=\"https:\/\/www.espn.com.ar\/futbol\/nota\/_\/id\/13369657\/inter-miami-messi-suarez-martino-nashville-octavos-final-cuartos-concacaf-champions-cup\" target=\"_blank\" rel=\"noopener\">clasificaci\u00f3n<\/a>\u00a0de\u00a0<a style=\"color: #000000;\" href=\"https:\/\/www.espn.com.ar\/futbol\/equipo\/_\/id\/20232\/inter-miami-cf\" target=\"_blank\" rel=\"noopener\">Inter Miami<\/a>\u00a0a cuartos de final de la\u00a0<a style=\"color: #000000;\" href=\"https:\/\/www.espn.com.ar\/futbol\/liga\/_\/nombre\/concacaf.champions\" target=\"_blank\" rel=\"noopener\">Concacaf Champions Cup<\/a>\u00a0encendi\u00f3 una alarma:\u00a0<a style=\"color: #000000;\" href=\"https:\/\/www.espn.com.ar\/futbol\/nota\/_\/id\/13371921\/el-crack-dijo-presente-messi-metio-gol-inter-miami-nashville-concacaf-champions-cup\" target=\"_blank\" rel=\"noopener\">la prematura salida<\/a>\u00a0de\u00a0<a style=\"color: #000000;\" href=\"https:\/\/www.espn.com.ar\/futbol\/jugador\/_\/id\/45843\/lionel-messi\" target=\"_blank\" rel=\"noopener\">Lionel Messi<\/a>. Este viernes, Javier Morales, asistente de Gerardo Martino, habl\u00f3 del estado del astro argentino y unas horas m\u00e1s tarde el club estadounidense confirm\u00f3 una peque\u00f1a lesi\u00f3n muscular.<\/span><\/p>\n<aside class=\"inline inline-photo full\">\n<figure><picture><source srcset=\"https:\/\/a4.espncdn.com\/combiner\/i?img=%2Fphoto%2F2024%2F0315%2Fr1305562_1296x729_16%2D9.jpg&amp;w=570&amp;format=jpg, https:\/\/a4.espncdn.com\/combiner\/i?img=%2Fphoto%2F2024%2F0315%2Fr1305562_1296x729_16%2D9.jpg&amp;w=1140&amp;cquality=40&amp;format=jpg 2x\" media=\"(min-width: 376px)\" data-srcset=\"https:\/\/a4.espncdn.com\/combiner\/i?img=%2Fphoto%2F2024%2F0315%2Fr1305562_1296x729_16%2D9.jpg&amp;w=570&amp;format=jpg, https:\/\/a4.espncdn.com\/combiner\/i?img=%2Fphoto%2F2024%2F0315%2Fr1305562_1296x729_16%2D9.jpg&amp;w=1140&amp;cquality=40&amp;format=jpg 2x\" \/><source srcset=\"https:\/\/a4.espncdn.com\/combiner\/i?img=%2Fphoto%2F2024%2F0315%2Fr1305562_1296x729_16%2D9.jpg&amp;w=375, https:\/\/a4.espncdn.com\/combiner\/i?img=%2Fphoto%2F2024%2F0315%2Fr1305562_1296x729_16%2D9.jpg&amp;w=750&amp;cquality=40&amp;format=jpg 2x\" media=\"(max-width: 375px)\" data-srcset=\"https:\/\/a4.espncdn.com\/combiner\/i?img=%2Fphoto%2F2024%2F0315%2Fr1305562_1296x729_16%2D9.jpg&amp;w=375, https:\/\/a4.espncdn.com\/combiner\/i?img=%2Fphoto%2F2024%2F0315%2Fr1305562_1296x729_16%2D9.jpg&amp;w=750&amp;cquality=40&amp;format=jpg 2x\" \/><img class=\"imageLoaded lazyloaded\" width=\"570\" height=\"320\" data-image-container=\".inline-photo\" \/><\/picture><figcaption class=\"photoCaption\">Messi sufre una peque\u00f1a lesi\u00f3n y est\u00e1 en duda para los amistosos de Argentina.\u00a0<cite>Getty Images<\/cite><\/figcaption><\/figure>\n<\/aside>\n<aside class=\"inline editorial float-r\" data-behavior=\"article_related\"><\/aside>\n<aside class=\"inline float-r inline-track\">\n<h2 class=\"img-title\"><\/h2>\n<p><img loading=\"lazy\" decoding=\"async\" class=\"alignnone size-full wp-image-6824\" src=\"https:\/\/www.sportchaco.com.ar\/wp-content\/uploads\/2024\/03\/200x2001.gif\" alt=\"\" width=\"200\" height=\"200\" \/><\/p>\n<\/aside>\n<p>\u00abEn cuanto al partido del fin de semana est\u00e1 pr\u00e1cticamente descartado.\u00a0Sabemos que se hizo estudios, todav\u00eda estamos esperando los resultados del m\u00e9dico para ver en detalle lo que tiene. A partir de esos resultados\u00a0se ver\u00e1 qu\u00e9 pasa con la Selecci\u00f3n\u00bb, indic\u00f3 el integrante del cuerpo t\u00e9cnico de las Garzas tras el entrenamiento matutino.<\/p>\n<p>A la tardecita,\u00a0Inter Miami inform\u00f3 que Messi tiene una peque\u00f1a lesi\u00f3n muscular en el isquiotibial de la pierna derecha, que arrastra del duelo de ida de visitante ante Nashville, cuando empataron 2-2 por octavos de final. Este mi\u00e9rcoles, meti\u00f3 otro gol en la serie en el triunfo 3-1, pero sali\u00f3 a los cuatro minutos del segundo tiempo ya que Martino opt\u00f3 por no exigirlo m\u00e1s.<\/p>\n<p>Finalizado ese encuentro, Martino hab\u00eda declarado que Messi ten\u00eda una sobrecarga en el posterior derecho y que lo sac\u00f3 porque \u00abno hab\u00eda que correr ning\u00fan tipo de riesgo. Intentamos ver si pod\u00eda aguantar un poco m\u00e1s, pero le estaba molestando y entonces preferimos que saliera\u00bb.<\/p>\n<p>Antes de sumarse a la Albiceleste, Inter Miami visitar\u00e1 este s\u00e1bado al\u00a0<span style=\"color: #000000;\"><a style=\"color: #000000;\" href=\"https:\/\/www.espn.com.ar\/futbol\/equipo\/_\/id\/193\/dc-united\">DC United<\/a>\u00a0<\/span>por la MLS, partido en el que no jugar\u00e1 Messi, como tambi\u00e9n hab\u00eda deslizado el Tata.<\/p>\n<p>Argentina, por su parte, enfrentar\u00e1\u00a0a El Salvador el viernes 22 de marzo (21 horas) en Filadelfia y a Costa Rica el martes 26 del mismo mes (23:50 horas) en Los \u00c1ngeles, por la primera Fecha FIFA del a\u00f1o, en dos partidos amistosos preparatorios para la Copa Am\u00e9rica. Y el N\u00b010 est\u00e1 en duda para ambos duelos del seleccionado campe\u00f3n del mundo que conduce Lionel Scaloni.<\/p>\n<p>Los fan\u00e1ticos de la Albiceleste saben que pueden perderse la posibilidad de verlo en acci\u00f3n nuevamente, pero siguen atentos las novedades del estado de salud de Messi. \u00cbl, fiel a su estilo, quiere jugar siempre, todo lo que tiene por delante, aunque en casos as\u00ed es consciente que no debe arriesgar de m\u00e1s.<\/p>\n<p><span style=\"color: #000000;\">Despu\u00e9s de la clasificaci\u00f3n sobre Nashville, supo Inter Miami\u00a0<a style=\"color: #000000;\" href=\"https:\/\/www.espn.com.ar\/futbol\/nota\/_\/id\/13375490\/inter-miami-de-messi-conocio-a-sus-rivales-de-la-leagues-cup\" target=\"_blank\" rel=\"noopener\">sus rivales para la edici\u00f3n 2024<\/a>\u00a0de la<strong>\u00a0<a style=\"color: #000000;\" href=\"https:\/\/www.espn.com.ar\/futbol\/liga\/_\/nombre\/concacaf.leagues.cup\" target=\"_blank\" rel=\"noopener\">Leagues Cup<\/a>\u00a0<\/strong>(Puebla y Tigres) y a\u00a0<a style=\"color: #000000;\" href=\"https:\/\/www.espn.com.ar\/futbol\/norte-centro-america\/nota\/_\/id\/13377896\/monterrey-vs-cincinnati-resumen-resultado-concachampions-vuelta-octavos-final\" target=\"_blank\" rel=\"noopener\">su adversario por los cuartos de final de la Concacaf Champions Cup: Rayados de Monterrey<\/a>.<\/span><\/p>\n<\/div>\n<\/div>\n<\/header>\n<div class=\"jsx-2036759637 jsx-604324041\">\n<div class=\"jsx-d923da1bc669cb71\">\n<div class=\"jsx-2036759637 jsx-487440523\">\n<div class=\"jsx-d923da1bc669cb71\">\n<div class=\"jsx-592588406\">\n<div>\n<h2 class=\"jsx-990402657\">El calendario del Inter Miami<\/h2>\n<ul class=\"jsx-3961231483\">\n<li class=\"jsx-3961231483\">DC United vs. Inter Miami | MLS fecha 5 | S\u00e1bado 16\/03, a las 15 horas | Audi Field<\/li>\n<li class=\"jsx-3961231483\">NY RB vs. Inter Miami | MLS fecha 6 | S\u00e1bado 23\/03, a las 15 horas | Red Bull Arena<\/li>\n<li class=\"jsx-3961231483\">Inter Miami vs. NYC FC | MLS fecha 7 | S\u00e1bado 30, a las 20.30 horas | Chase Stadium<\/li>\n<\/ul>\n<\/div>\n<\/div>\n<\/div>\n<\/div>\n<\/div>\n<\/div>\n","protected":false},"excerpt":{"rendered":"<p>15-03-2024\u00a0 Est\u00e1 en problemas. La\u00a0clasificaci\u00f3n\u00a0de\u00a0Inter Miami\u00a0a cuartos de final de la\u00a0Concacaf Champions Cup\u00a0encendi\u00f3 una alarma:\u00a0la prematura salida\u00a0de\u00a0Lionel Messi. Este viernes, Javier Morales, asistente de Gerardo Martino, habl\u00f3 del estado del astro argentino y unas horas m\u00e1s tarde el club estadounidense confirm\u00f3 una peque\u00f1a lesi\u00f3n muscular. Messi sufre una peque\u00f1a lesi\u00f3n y est\u00e1 en duda para &hellip;<\/p>\n","protected":false},"author":2,"featured_media":6961,"comment_status":"open","ping_status":"open","sticky":false,"template":"","format":"standard","meta":{"footnotes":""},"categories":[6],"tags":[],"class_list":["post-6958","post","type-post","status-publish","format-standard","has-post-thumbnail","hentry","category-internacionales"],"_links":{"self":[{"href":"https:\/\/www.sportchaco.com.ar\/index.php?rest_route=\/wp\/v2\/posts\/6958","targetHints":{"allow":["GET"]}}],"collection":[{"href":"https:\/\/www.sportchaco.com.ar\/index.php?rest_route=\/wp\/v2\/posts"}],"about":[{"href":"https:\/\/www.sportchaco.com.ar\/index.php?rest_route=\/wp\/v2\/types\/post"}],"author":[{"embeddable":true,"href":"https:\/\/www.sportchaco.com.ar\/index.php?rest_route=\/wp\/v2\/users\/2"}],"replies":[{"embeddable":true,"href":"https:\/\/www.sportchaco.com.ar\/index.php?rest_route=%2Fwp%2Fv2%2Fcomments&post=6958"}],"version-history":[{"count":1,"href":"https:\/\/www.sportchaco.com.ar\/index.php?rest_route=\/wp\/v2\/posts\/6958\/revisions"}],"predecessor-version":[{"id":6962,"href":"https:\/\/www.sportchaco.com.ar\/index.php?rest_route=\/wp\/v2\/posts\/6958\/revisions\/6962"}],"wp:featuredmedia":[{"embeddable":true,"href":"https:\/\/www.sportchaco.com.ar\/index.php?rest_route=\/wp\/v2\/media\/6961"}],"wp:attachment":[{"href":"https:\/\/www.sportchaco.com.ar\/index.php?rest_route=%2Fwp%2Fv2%2Fmedia&parent=6958"}],"wp:term":[{"taxonomy":"category","embeddable":true,"href":"https:\/\/www.sportchaco.com.ar\/index.php?rest_route=%2Fwp%2Fv2%2Fcategories&post=6958"},{"taxonomy":"post_tag","embeddable":true,"href":"https:\/\/www.sportchaco.com.ar\/index.php?rest_route=%2Fwp%2Fv2%2Ftags&post=6958"}],"curies":[{"name":"wp","href":"https:\/\/api.w.org\/{rel}","templated":true}]}}