{"id":7040,"date":"2024-03-18T10:43:44","date_gmt":"2024-03-18T13:43:44","guid":{"rendered":"https:\/\/www.sportchaco.com.ar\/?p=7040"},"modified":"2024-03-18T10:43:44","modified_gmt":"2024-03-18T13:43:44","slug":"cinco-bajas-en-boca-para-jugar-con-central-norte","status":"publish","type":"post","link":"https:\/\/www.sportchaco.com.ar\/?p=7040","title":{"rendered":"Cinco bajas en Boca para jugar con Central Norte"},"content":{"rendered":"<h1><\/h1>\n<p class=\"description\">El Xeneize tiene el lunes libre y el martes retomar\u00e1 los entrenamientos de cara al duelo frente al equipo salte\u00f1o, para el cual Diego Mart\u00ednez no podr\u00e1 contar con los jugadores citados por las distintas selecciones.<\/p>\n<div class=\"article-info\">\n<div class=\"article-info-left\">\n<div class=\"article-autor-info\">\n<div class=\"article-autor-name\"><\/div>\n<\/div>\n<\/div>\n<\/div>\n<h5 class=\"rat16x9\">\nFoto: Diego Mart\u00ednez, en el estadio Uno de La Plata (Gustavo Garello\/Getty Images).<\/h5>\n<p class=\"capital\">Tras la suspensi\u00f3n del duelo ante\u00a0Estudiantes de La Plata\u00a0por<span style=\"color: #000000;\">\u00a0<a style=\"color: #000000;\" href=\"https:\/\/www.tycsports.com\/liga-profesional-de-futbol\/como-paso-la-noche-javier-altamirano-tras-convulsionar-durante-estudiantes-vs-boca-id571593.html\" target=\"_blank\" rel=\"noopener\">el episodio convulsivo que sufri\u00f3 el chileno\u00a0Javier Altamirano<\/a>, el plantel de\u00a0Boca\u00a0qued<\/span>\u00f3 liberado este lunes y desde el martes retomar\u00e1 los entrenamientos de cara al partido del pr\u00f3ximo s\u00e1bado ante\u00a0Central Norte de Salta, para el que el entrenador\u00a0Diego Mart\u00ednez\u00a0tendr\u00e1\u00a0cinco bajas.<\/p>\n<div class=\"watchto-wrap\">\n<div class=\"watchto\">\n<div class=\"watchto-text\"><\/div>\n<div class=\"watchto-btn-view\"><\/div>\n<\/div>\n<\/div>\n<p><span style=\"color: #000000;\">La fecha FIFA de marzo se puso en marcha y cinco jugadores del\u00a0<i>Xeneize\u00a0<\/i>fueron citados por distintas selecciones:\u00a0Luis Adv\u00edncula (Per\u00fa), Norberto Briasco (Armenia), Nicol\u00e1s Valentini (Argentina) y Leandro Brey junto a Cristian Medina (Argentina Sub-23). De este modo, los futbolistas no estar\u00e1n para el encuentro frente al conjunto salte\u00f1o.<\/span><\/p>\n<p><span style=\"color: #000000;\">Por otro lado, si bien desde el club de La Ribera entienden que lo m\u00e1s importante es la salud de\u00a0Altamirano\u00a0y luego se ver\u00e1 cu\u00e1ndo se jugar\u00e1n los 63 minutos que restan del partido con\u00a0Estudiantes, el compromiso\u00a0est\u00e1 descartado que se reprograme para esta semana\u00a0por c\u00f3mo se encuentra emocionalmente el plantel\u00a0<i>pincharrata\u00a0<\/i>y porque ya empez\u00f3\u00a0y la fecha FIFA.<\/span><\/p>\n<p><span style=\"color: #000000;\">En principio, la fecha que trasciende desde la organizaci\u00f3n y la que ser\u00eda m\u00e1s factible es el\u00a0mi\u00e9rcoles 27 de marzo\u00a0-antes del feriado extra largo por Semana Santa-. Esa ser\u00eda la \u00fanica alternativa que aparece ahora, porque los fin de semanas siguientes tendr\u00e1n actividad de la\u00a0Copa de la Liga\u00a0y m\u00e1s adelante jugar\u00e1n entre semana\u00a0Copa Sudamericana\u00a0-el\u00a0<i>Xeneize<\/i>&#8211; y\u00a0Copa Libertadores\u00a0-el\u00a0<i>Pincha<\/i>-.<\/span><\/p>\n<p>&nbsp;<\/p>\n<figure class=\"w-100\"><img decoding=\"async\" title=\"Estudiantes - Boca\" src=\"https:\/\/media.tycsports.com\/files\/2024\/03\/17\/691677\/estudiantes-boca_w416.webp\" srcset=\"https:\/\/media.tycsports.com\/files\/2024\/03\/17\/691677\/estudiantes-boca_w416.webp 480w, https:\/\/media.tycsports.com\/files\/2024\/03\/17\/691677\/estudiantes-boca_w862.webp 1080w\" alt=\"Estudiantes - Boca\" data-src=\"https:\/\/media.tycsports.com\/files\/2024\/03\/17\/691677\/estudiantes-boca_w416.webp\" data-srcset=\"https:\/\/media.tycsports.com\/files\/2024\/03\/17\/691677\/estudiantes-boca_w416.webp 480w, https:\/\/media.tycsports.com\/files\/2024\/03\/17\/691677\/estudiantes-boca_w862.webp 1080w\" \/><figcaption>El encuentro entre el Pincha y el Xeneize se suspendi\u00f3 a los 27 minutos por la descompensaci\u00f3n de Altamirano. (Gustavo Garello\/Getty Images)<\/figcaption><\/figure>\n<div class=\"watchto-wrap\">\n<div class=\"watchto\"><img loading=\"lazy\" decoding=\"async\" class=\"alignnone size-medium wp-image-7042\" src=\"https:\/\/www.sportchaco.com.ar\/wp-content\/uploads\/2024\/03\/gob-clausula-parado-1-150x300.gif\" alt=\"\" width=\"150\" height=\"300\" \/><\/p>\n<div class=\"watchto-text\"><\/div>\n<div class=\"watchto-btn-view\"><\/div>\n<\/div>\n<\/div>\n<h2>La aclaraci\u00f3n de Mart\u00ednez luego de los insultos que recibi\u00f3 Boca en La Plata<\/h2>\n<p>En una rueda de prensa improvisada antes de subirse al m\u00e9dico,\u00a0Mart\u00ednez\u00a0aprovech\u00f3 para explicar lo ocurrido:\u00a0\u00abLo \u00fanico que queremos aclarar es que ac\u00e1 lo \u00fanico y m\u00e1s importante es que Javier se encuentra bien, fuera de peligro, que por suerte queda en observaci\u00f3n\u00bb.<\/p>\n<p>Luego ampli\u00f3:\u00a0\u00abY que desde que nosotros entendimos la situaci\u00f3n y la gravedad de lo que pasaba, nos pusimos a disposici\u00f3n de Estudiantes, del cuerpo t\u00e9cnico, del cuerpo arbitral y con Jos\u00e9 Sosa, los \u00e1rbitros y yo decidimos que lo mejor era suspender el partido. Eso lo quiero aclarar por cualquier malentendido\u00bb. Fuente TyC<\/p>\n","protected":false},"excerpt":{"rendered":"<p>El Xeneize tiene el lunes libre y el martes retomar\u00e1 los entrenamientos de cara al duelo frente al equipo salte\u00f1o, para el cual Diego Mart\u00ednez no podr\u00e1 contar con los jugadores citados por las distintas selecciones. Foto: Diego Mart\u00ednez, en el estadio Uno de La Plata (Gustavo Garello\/Getty Images). Tras la suspensi\u00f3n del duelo ante\u00a0Estudiantes &hellip;<\/p>\n","protected":false},"author":2,"featured_media":7043,"comment_status":"open","ping_status":"open","sticky":false,"template":"","format":"standard","meta":{"footnotes":""},"categories":[47],"tags":[],"class_list":["post-7040","post","type-post","status-publish","format-standard","has-post-thumbnail","hentry","category-nacionales"],"_links":{"self":[{"href":"https:\/\/www.sportchaco.com.ar\/index.php?rest_route=\/wp\/v2\/posts\/7040","targetHints":{"allow":["GET"]}}],"collection":[{"href":"https:\/\/www.sportchaco.com.ar\/index.php?rest_route=\/wp\/v2\/posts"}],"about":[{"href":"https:\/\/www.sportchaco.com.ar\/index.php?rest_route=\/wp\/v2\/types\/post"}],"author":[{"embeddable":true,"href":"https:\/\/www.sportchaco.com.ar\/index.php?rest_route=\/wp\/v2\/users\/2"}],"replies":[{"embeddable":true,"href":"https:\/\/www.sportchaco.com.ar\/index.php?rest_route=%2Fwp%2Fv2%2Fcomments&post=7040"}],"version-history":[{"count":1,"href":"https:\/\/www.sportchaco.com.ar\/index.php?rest_route=\/wp\/v2\/posts\/7040\/revisions"}],"predecessor-version":[{"id":7044,"href":"https:\/\/www.sportchaco.com.ar\/index.php?rest_route=\/wp\/v2\/posts\/7040\/revisions\/7044"}],"wp:featuredmedia":[{"embeddable":true,"href":"https:\/\/www.sportchaco.com.ar\/index.php?rest_route=\/wp\/v2\/media\/7043"}],"wp:attachment":[{"href":"https:\/\/www.sportchaco.com.ar\/index.php?rest_route=%2Fwp%2Fv2%2Fmedia&parent=7040"}],"wp:term":[{"taxonomy":"category","embeddable":true,"href":"https:\/\/www.sportchaco.com.ar\/index.php?rest_route=%2Fwp%2Fv2%2Fcategories&post=7040"},{"taxonomy":"post_tag","embeddable":true,"href":"https:\/\/www.sportchaco.com.ar\/index.php?rest_route=%2Fwp%2Fv2%2Ftags&post=7040"}],"curies":[{"name":"wp","href":"https:\/\/api.w.org\/{rel}","templated":true}]}}