{"id":7045,"date":"2024-03-18T10:51:05","date_gmt":"2024-03-18T13:51:05","guid":{"rendered":"https:\/\/www.sportchaco.com.ar\/?p=7045"},"modified":"2024-03-18T11:03:41","modified_gmt":"2024-03-18T14:03:41","slug":"guido-rodriguez-el-convocado-de-ultimo-momento-para-la-seleccion-argentina","status":"publish","type":"post","link":"https:\/\/www.sportchaco.com.ar\/?p=7045","title":{"rendered":"Guido Rodr\u00edguez, el convocado de \u00faltimo momento para la Selecci\u00f3n Argentina"},"content":{"rendered":"<h6>18-03-2024<\/h6>\n<h1><\/h1>\n<p class=\"description\">El mediocampista del Real Betis, quien no estuvo en la lista original, se sumar\u00e1 a la Albiceleste para los amistosos contra El Salvador y Costa Rica en Estados Unidos.<\/p>\n<div class=\"article-info\">\n<div class=\"article-info-left\">\n<div class=\"article-autor-info\">\n<div class=\"article-autor-name\"><\/div>\n<\/div>\n<\/div>\n<\/div>\n<h5 class=\"rat16x9\">Foto portada: Guido Rodr\u00edguez no estuvo en la lista original y fue convocado de \u00faltimo momento para la Selecci\u00f3n Argentina. (Diego Souto\/Getty Images)<\/h5>\n<p class=\"capital\">Guido Rodr\u00edguez, mediocampista del\u00a0Real Betis, fue convocado a \u00faltimo momento por\u00a0Lionel Scaloni\u00a0para la\u00a0Selecci\u00f3n Argentina, que se enfrentar\u00e1 a El Salvador y Costa Rica en dos amistosos en esta fecha FIFA.<\/p>\n<p>El campe\u00f3n del mundo -quien se recuper\u00f3 de una fractura distal del peron\u00e9 y ya disput\u00f3 tres partidos- no estaba en la n\u00f3mina inicial,\u00a0pero finalmente fue citado por el entrenador y se sumar\u00e1 en las pr\u00f3ximas horas a la delegaci\u00f3n del conjunto nacional en Filadelfia.<\/p>\n<figure class=\"w-100\"><img decoding=\"async\" title=\"Guido Rodr\u00edguez\" src=\"https:\/\/media.tycsports.com\/files\/2024\/03\/18\/691754\/guido-rodriguez_w416.webp\" srcset=\"https:\/\/media.tycsports.com\/files\/2024\/03\/18\/691754\/guido-rodriguez_w416.webp 480w, https:\/\/media.tycsports.com\/files\/2024\/03\/18\/691754\/guido-rodriguez_w862.webp 1080w\" alt=\"Guido Rodr\u00edguez\" data-src=\"https:\/\/media.tycsports.com\/files\/2024\/03\/18\/691754\/guido-rodriguez_w416.webp\" data-srcset=\"https:\/\/media.tycsports.com\/files\/2024\/03\/18\/691754\/guido-rodriguez_w416.webp 480w, https:\/\/media.tycsports.com\/files\/2024\/03\/18\/691754\/guido-rodriguez_w862.webp 1080w\" \/><figcaption>Guido Rodr\u00edguez se recuper\u00f3 de una fractura distal del peron\u00e9 y ya disput\u00f3 tres partidos. (Diego Souto\/Getty Images)<\/figcaption><\/figure>\n<p>&nbsp;<\/p>\n<p>&nbsp;<\/p>\n<p><span style=\"color: #000000;\">La Selecci\u00f3n Argentina sufri\u00f3 las bajas de Marcos Senesi (Nicol\u00e1s Valentini ser\u00e1 su reemplazo) y Paulo Dybala. Adem\u00e1s, no contar\u00e1 con Lionel Messi en los partidos: el capit\u00e1n sufri\u00f3 una<a style=\"color: #000000;\" href=\"https:\/\/www.tycsports.com\/seleccion-argentina\/la-seleccion-argentina-atenta-a-la-evolucion-de-lionel-messi-id571290.html\" target=\"_blank\" rel=\"noopener\">\u00a0\u00abpeque\u00f1a lesi\u00f3n en el isquiotibial de la pierna derecha\u00bb\u00a0<\/a>y se sumar\u00eda a la gira s\u00f3lo para los entrenamientos. Lisandro Mart\u00ednez est\u00e1 en una situaci\u00f3n similar:\u00a0el defensor del Manchester United se recupera de una lesi\u00f3n ligamentaria en la rodilla, pero viaja para entrenarse con el grupo en esta fecha FIFA.<\/span><\/p>\n<p>&nbsp;<\/p>\n<p><img loading=\"lazy\" decoding=\"async\" class=\"alignnone size-full wp-image-7054\" src=\"https:\/\/www.sportchaco.com.ar\/wp-content\/uploads\/2024\/03\/Fumigacion-competa.gif\" alt=\"\" width=\"200\" height=\"200\" \/><\/p>\n<p>&nbsp;<\/p>\n<figure class=\"w-100\"><\/figure>\n<p>&nbsp;<\/p>\n<h2>Los primeros futbolistas de la Selecci\u00f3n Argentina que llegaron a Estados Unidos<\/h2>\n<p><b>Juli\u00e1n \u00c1lvarez, Nicol\u00e1s Tagliafico, Cristian Cuti Romero, Giovani Lo Celso, Valent\u00edn Carboni, Nehu\u00e9n P\u00e9rez, Facundo Buonanotte y Valent\u00edn Barco<\/b>\u00a0fueron los primeros en sumarse a un plantel que estar\u00e1 completo a partir del martes y que\u00a0<b>a\u00fan tiene la presencia de Lionel Messi entre signos de interrogaci\u00f3n.<\/b><\/p>\n<p>&nbsp;<\/p>\n<figure class=\"w-100\"><img decoding=\"async\" title=\"argentina amistosos\" src=\"https:\/\/media.tycsports.com\/files\/2024\/03\/18\/691745\/argentina-amistosos_w416.webp\" srcset=\"https:\/\/media.tycsports.com\/files\/2024\/03\/18\/691745\/argentina-amistosos_w416.webp 480w, https:\/\/media.tycsports.com\/files\/2024\/03\/18\/691745\/argentina-amistosos_w862.webp 1080w\" alt=\"argentina amistosos\" data-src=\"https:\/\/media.tycsports.com\/files\/2024\/03\/18\/691745\/argentina-amistosos_w416.webp\" data-srcset=\"https:\/\/media.tycsports.com\/files\/2024\/03\/18\/691745\/argentina-amistosos_w416.webp 480w, https:\/\/media.tycsports.com\/files\/2024\/03\/18\/691745\/argentina-amistosos_w862.webp 1080w\" \/><figcaption>Tagliafico, Juli\u00e1n \u00c1lvarez, Nehu\u00e9n P\u00e9rez, Jerem\u00edas Martinet, Cuti Romero, Lo Celso, Valent\u00edn Carboni, Facu Buonanotte y Valent\u00edn Barco con la Selecci\u00f3n Argentina.<br \/>\nFuente TyC Sports<\/figcaption><\/figure>\n","protected":false},"excerpt":{"rendered":"<p>18-03-2024 El mediocampista del Real Betis, quien no estuvo en la lista original, se sumar\u00e1 a la Albiceleste para los amistosos contra El Salvador y Costa Rica en Estados Unidos. Foto portada: Guido Rodr\u00edguez no estuvo en la lista original y fue convocado de \u00faltimo momento para la Selecci\u00f3n Argentina. (Diego Souto\/Getty Images) Guido Rodr\u00edguez, &hellip;<\/p>\n","protected":false},"author":2,"featured_media":7046,"comment_status":"open","ping_status":"open","sticky":false,"template":"","format":"standard","meta":{"footnotes":""},"categories":[6],"tags":[],"class_list":["post-7045","post","type-post","status-publish","format-standard","has-post-thumbnail","hentry","category-internacionales"],"_links":{"self":[{"href":"https:\/\/www.sportchaco.com.ar\/index.php?rest_route=\/wp\/v2\/posts\/7045","targetHints":{"allow":["GET"]}}],"collection":[{"href":"https:\/\/www.sportchaco.com.ar\/index.php?rest_route=\/wp\/v2\/posts"}],"about":[{"href":"https:\/\/www.sportchaco.com.ar\/index.php?rest_route=\/wp\/v2\/types\/post"}],"author":[{"embeddable":true,"href":"https:\/\/www.sportchaco.com.ar\/index.php?rest_route=\/wp\/v2\/users\/2"}],"replies":[{"embeddable":true,"href":"https:\/\/www.sportchaco.com.ar\/index.php?rest_route=%2Fwp%2Fv2%2Fcomments&post=7045"}],"version-history":[{"count":5,"href":"https:\/\/www.sportchaco.com.ar\/index.php?rest_route=\/wp\/v2\/posts\/7045\/revisions"}],"predecessor-version":[{"id":7056,"href":"https:\/\/www.sportchaco.com.ar\/index.php?rest_route=\/wp\/v2\/posts\/7045\/revisions\/7056"}],"wp:featuredmedia":[{"embeddable":true,"href":"https:\/\/www.sportchaco.com.ar\/index.php?rest_route=\/wp\/v2\/media\/7046"}],"wp:attachment":[{"href":"https:\/\/www.sportchaco.com.ar\/index.php?rest_route=%2Fwp%2Fv2%2Fmedia&parent=7045"}],"wp:term":[{"taxonomy":"category","embeddable":true,"href":"https:\/\/www.sportchaco.com.ar\/index.php?rest_route=%2Fwp%2Fv2%2Fcategories&post=7045"},{"taxonomy":"post_tag","embeddable":true,"href":"https:\/\/www.sportchaco.com.ar\/index.php?rest_route=%2Fwp%2Fv2%2Ftags&post=7045"}],"curies":[{"name":"wp","href":"https:\/\/api.w.org\/{rel}","templated":true}]}}